{"id":17408,"date":"2026-04-18T14:54:04","date_gmt":"2026-04-18T12:54:04","guid":{"rendered":"https:\/\/mobilitatechisinau.md\/?p=17408"},"modified":"2026-04-29T15:04:48","modified_gmt":"2026-04-29T13:04:48","slug":"in-doar-4-ani-primaria-chisinau-a-extins-flota-de-troleibuze-si-a-eliminat-vechiturile-din-circulatie","status":"publish","type":"post","link":"https:\/\/mobilitatechisinau.md\/?p=17408","title":{"rendered":"Video: \u00cen doar 4 ani, Prim\u0103ria Chi\u0219in\u0103u a extins flota de troleibuze \u0219i a eliminat vechiturile din circula\u021bie"},"content":{"rendered":"\n<p>Prim\u0103ria Chi\u0219in\u0103u a modernizat transportul electric, cump\u0103r\u00e2nd, \u00een perioada 2021-2025, 213 troleibuze confortabile \u0219i sigure. \u0218eful interimar al Direc\u021biei Generale Mobilitate Urban\u0103, Dorin Ciorn\u00eei, sus\u021bine c\u0103 noile troleibuze ofer\u0103 condi\u021bii mai bune de confort, accesibilitate \u0219i siguran\u021b\u0103 pentru pasageri.<\/p>\n\n\n\n<p>Totodat\u0103, pe rutele aglomerate au fost introduse troleibuze articulate, reduc\u00e2nd timpul de a\u0219teptare \u00een sta\u021bii. Investi\u021biile au fost realizate \u00een mare parte din bugetul municipal. Prim\u0103ria Chi\u0219in\u0103u aloc\u0103 anual peste 800 de milioane de lei pentru transportul public, inclusiv pentru asigurarea c\u0103l\u0103toriilor gratuite pentru peste 18 categorii de persoane.<\/p>\n\n\n\n<iframe src=\"https:\/\/www.facebook.com\/plugins\/video.php?height=476&#038;href=https%3A%2F%2Fwww.facebook.com%2Freel%2F910692898619569%2F&#038;show_text=false&#038;width=267&#038;t=0\" width=\"267\" height=\"476\" style=\"border:none;overflow:hidden\" scrolling=\"no\" frameborder=\"0\" allowfullscreen=\"true\" allow=\"autoplay; clipboard-write; encrypted-media; picture-in-picture; web-share\" allowFullScreen=\"true\"><\/iframe>\n\n\n\n<p><\/p>\n","protected":false},"excerpt":{"rendered":"<p>Prim\u0103ria Chi\u0219in\u0103u a modernizat transportul electric, cump\u0103r\u00e2nd, \u00een perioada 2021-2025, 213 troleibuze confortabile \u0219i sigure. \u0218eful interimar al Direc\u021biei Generale Mobilitate Urban\u0103, Dorin Ciorn\u00eei, sus\u021bine c\u0103 noile troleibuze ofer\u0103 condi\u021bii mai bune de confort, accesibilitate \u0219i siguran\u021b\u0103 pentru pasageri. Totodat\u0103, pe rutele aglomerate au fost introduse troleibuze articulate, reduc\u00e2nd timpul de a\u0219teptare \u00een sta\u021bii. Investi\u021biile [&hellip;]<\/p>\n","protected":false},"author":1,"featured_media":17409,"comment_status":"closed","ping_status":"open","sticky":false,"template":"","format":"standard","meta":{"footnotes":""},"categories":[92],"tags":[],"class_list":["post-17408","post","type-post","status-publish","format-standard","has-post-thumbnail","hentry","category-comunicate"],"yoast_head":"<!-- This site is optimized with the Yoast SEO plugin v23.9 - https:\/\/yoast.com\/wordpress\/plugins\/seo\/ -->\n<title>Video: \u00cen doar 4 ani, Prim\u0103ria Chi\u0219in\u0103u a extins flota de troleibuze \u0219i a eliminat vechiturile din circula\u021bie - mobilitatechisinau.md<\/title>\n<meta name=\"robots\" content=\"index, follow, max-snippet:-1, max-image-preview:large, max-video-preview:-1\" \/>\n<link rel=\"canonical\" href=\"https:\/\/mobilitatechisinau.md\/?p=17408\" \/>\n<meta property=\"og:locale\" content=\"ro_RO\" \/>\n<meta property=\"og:type\" content=\"article\" \/>\n<meta property=\"og:title\" content=\"Video: \u00cen doar 4 ani, Prim\u0103ria Chi\u0219in\u0103u a extins flota de troleibuze \u0219i a eliminat vechiturile din circula\u021bie - mobilitatechisinau.md\" \/>\n<meta property=\"og:description\" content=\"Prim\u0103ria Chi\u0219in\u0103u a modernizat transportul electric, cump\u0103r\u00e2nd, \u00een perioada 2021-2025, 213 troleibuze confortabile \u0219i sigure. \u0218eful interimar al Direc\u021biei Generale Mobilitate Urban\u0103, Dorin Ciorn\u00eei, sus\u021bine c\u0103 noile troleibuze ofer\u0103 condi\u021bii mai bune de confort, accesibilitate \u0219i siguran\u021b\u0103 pentru pasageri. Totodat\u0103, pe rutele aglomerate au fost introduse troleibuze articulate, reduc\u00e2nd timpul de a\u0219teptare \u00een sta\u021bii. Investi\u021biile [&hellip;]\" \/>\n<meta property=\"og:url\" content=\"https:\/\/mobilitatechisinau.md\/?p=17408\" \/>\n<meta property=\"og:site_name\" content=\"mobilitatechisinau.md\" \/>\n<meta property=\"article:publisher\" content=\"https:\/\/www.facebook.com\/DGTPCC\" \/>\n<meta property=\"article:published_time\" content=\"2026-04-18T12:54:04+00:00\" \/>\n<meta property=\"article:modified_time\" content=\"2026-04-29T13:04:48+00:00\" \/>\n<meta property=\"og:image\" content=\"https:\/\/mobilitatechisinau.md\/wp-content\/uploads\/2026\/04\/18-aprilie.jpg\" \/>\n\t<meta property=\"og:image:width\" content=\"1200\" \/>\n\t<meta property=\"og:image:height\" content=\"700\" \/>\n\t<meta property=\"og:image:type\" content=\"image\/jpeg\" \/>\n<meta name=\"author\" content=\"dgtpcc.md\" \/>\n<meta name=\"twitter:card\" content=\"summary_large_image\" \/>\n<meta name=\"twitter:label1\" content=\"Scris de\" \/>\n\t<meta name=\"twitter:data1\" content=\"dgtpcc.md\" \/>\n\t<meta name=\"twitter:label2\" content=\"Timp estimat pentru citire\" \/>\n\t<meta name=\"twitter:data2\" content=\"1 minut\" \/>\n<script type=\"application\/ld+json\" class=\"yoast-schema-graph\">{\"@context\":\"https:\/\/schema.org\",\"@graph\":[{\"@type\":\"Article\",\"@id\":\"https:\/\/mobilitatechisinau.md\/?p=17408#article\",\"isPartOf\":{\"@id\":\"https:\/\/mobilitatechisinau.md\/?p=17408\"},\"author\":{\"name\":\"dgtpcc.md\",\"@id\":\"https:\/\/mobilitatechisinau.md\/#\/schema\/person\/c25d28ff5553bea759689e10224709c7\"},\"headline\":\"Video: \u00cen doar 4 ani, Prim\u0103ria Chi\u0219in\u0103u a extins flota de troleibuze \u0219i a eliminat vechiturile din circula\u021bie\",\"datePublished\":\"2026-04-18T12:54:04+00:00\",\"dateModified\":\"2026-04-29T13:04:48+00:00\",\"mainEntityOfPage\":{\"@id\":\"https:\/\/mobilitatechisinau.md\/?p=17408\"},\"wordCount\":124,\"publisher\":{\"@id\":\"https:\/\/mobilitatechisinau.md\/#organization\"},\"image\":{\"@id\":\"https:\/\/mobilitatechisinau.md\/?p=17408#primaryimage\"},\"thumbnailUrl\":\"https:\/\/mobilitatechisinau.md\/wp-content\/uploads\/2026\/04\/18-aprilie.jpg\",\"articleSection\":[\"Comunicate de pres\u0103\"],\"inLanguage\":\"ro-RO\"},{\"@type\":\"WebPage\",\"@id\":\"https:\/\/mobilitatechisinau.md\/?p=17408\",\"url\":\"https:\/\/mobilitatechisinau.md\/?p=17408\",\"name\":\"Video: \u00cen doar 4 ani, Prim\u0103ria Chi\u0219in\u0103u a extins flota de troleibuze \u0219i a eliminat vechiturile din circula\u021bie - mobilitatechisinau.md\",\"isPartOf\":{\"@id\":\"https:\/\/mobilitatechisinau.md\/#website\"},\"primaryImageOfPage\":{\"@id\":\"https:\/\/mobilitatechisinau.md\/?p=17408#primaryimage\"},\"image\":{\"@id\":\"https:\/\/mobilitatechisinau.md\/?p=17408#primaryimage\"},\"thumbnailUrl\":\"https:\/\/mobilitatechisinau.md\/wp-content\/uploads\/2026\/04\/18-aprilie.jpg\",\"datePublished\":\"2026-04-18T12:54:04+00:00\",\"dateModified\":\"2026-04-29T13:04:48+00:00\",\"breadcrumb\":{\"@id\":\"https:\/\/mobilitatechisinau.md\/?p=17408#breadcrumb\"},\"inLanguage\":\"ro-RO\",\"potentialAction\":[{\"@type\":\"ReadAction\",\"target\":[\"https:\/\/mobilitatechisinau.md\/?p=17408\"]}]},{\"@type\":\"ImageObject\",\"inLanguage\":\"ro-RO\",\"@id\":\"https:\/\/mobilitatechisinau.md\/?p=17408#primaryimage\",\"url\":\"https:\/\/mobilitatechisinau.md\/wp-content\/uploads\/2026\/04\/18-aprilie.jpg\",\"contentUrl\":\"https:\/\/mobilitatechisinau.md\/wp-content\/uploads\/2026\/04\/18-aprilie.jpg\",\"width\":1200,\"height\":700},{\"@type\":\"BreadcrumbList\",\"@id\":\"https:\/\/mobilitatechisinau.md\/?p=17408#breadcrumb\",\"itemListElement\":[{\"@type\":\"ListItem\",\"position\":1,\"name\":\"Prima pagin\u0103\",\"item\":\"https:\/\/mobilitatechisinau.md\/\"},{\"@type\":\"ListItem\",\"position\":2,\"name\":\"Video: \u00cen doar 4 ani, Prim\u0103ria Chi\u0219in\u0103u a extins flota de troleibuze \u0219i a eliminat vechiturile din circula\u021bie\"}]},{\"@type\":\"WebSite\",\"@id\":\"https:\/\/mobilitatechisinau.md\/#website\",\"url\":\"https:\/\/mobilitatechisinau.md\/\",\"name\":\"mobilitatechisinau.md\",\"description\":\"Direc\u0163ia General\u0103 Mobilitate Urban\u0103\",\"publisher\":{\"@id\":\"https:\/\/mobilitatechisinau.md\/#organization\"},\"potentialAction\":[{\"@type\":\"SearchAction\",\"target\":{\"@type\":\"EntryPoint\",\"urlTemplate\":\"https:\/\/mobilitatechisinau.md\/?s={search_term_string}\"},\"query-input\":{\"@type\":\"PropertyValueSpecification\",\"valueRequired\":true,\"valueName\":\"search_term_string\"}}],\"inLanguage\":\"ro-RO\"},{\"@type\":\"Organization\",\"@id\":\"https:\/\/mobilitatechisinau.md\/#organization\",\"name\":\"Direc\u0163ia general\u0103 transport public \u015fi c\u0103i de comunica\u0163ie\",\"url\":\"https:\/\/mobilitatechisinau.md\/\",\"logo\":{\"@type\":\"ImageObject\",\"inLanguage\":\"ro-RO\",\"@id\":\"https:\/\/mobilitatechisinau.md\/#\/schema\/logo\/image\/\",\"url\":\"https:\/\/dgtpcc.md\/wp-content\/uploads\/2022\/05\/DGTPCC-Chis\u0326ina\u0306u-new.jpg\",\"contentUrl\":\"https:\/\/dgtpcc.md\/wp-content\/uploads\/2022\/05\/DGTPCC-Chis\u0326ina\u0306u-new.jpg\",\"width\":304,\"height\":80,\"caption\":\"Direc\u0163ia general\u0103 transport public \u015fi c\u0103i de comunica\u0163ie\"},\"image\":{\"@id\":\"https:\/\/mobilitatechisinau.md\/#\/schema\/logo\/image\/\"},\"sameAs\":[\"https:\/\/www.facebook.com\/DGTPCC\"]},{\"@type\":\"Person\",\"@id\":\"https:\/\/mobilitatechisinau.md\/#\/schema\/person\/c25d28ff5553bea759689e10224709c7\",\"name\":\"dgtpcc.md\",\"image\":{\"@type\":\"ImageObject\",\"inLanguage\":\"ro-RO\",\"@id\":\"https:\/\/mobilitatechisinau.md\/#\/schema\/person\/image\/\",\"url\":\"https:\/\/secure.gravatar.com\/avatar\/9057a81ed6aa6c63f6d0d045749b3708fa15d612e3a388d9ac7b50072146c906?s=96&d=mm&r=g\",\"contentUrl\":\"https:\/\/secure.gravatar.com\/avatar\/9057a81ed6aa6c63f6d0d045749b3708fa15d612e3a388d9ac7b50072146c906?s=96&d=mm&r=g\",\"caption\":\"dgtpcc.md\"},\"sameAs\":[\"https:\/\/dgtpcc.md\"],\"url\":\"https:\/\/mobilitatechisinau.md\/?author=1\"}]}<\/script>\n<!-- \/ Yoast SEO plugin. -->","yoast_head_json":{"title":"Video: \u00cen doar 4 ani, Prim\u0103ria Chi\u0219in\u0103u a extins flota de troleibuze \u0219i a eliminat vechiturile din circula\u021bie - mobilitatechisinau.md","robots":{"index":"index","follow":"follow","max-snippet":"max-snippet:-1","max-image-preview":"max-image-preview:large","max-video-preview":"max-video-preview:-1"},"canonical":"https:\/\/mobilitatechisinau.md\/?p=17408","og_locale":"ro_RO","og_type":"article","og_title":"Video: \u00cen doar 4 ani, Prim\u0103ria Chi\u0219in\u0103u a extins flota de troleibuze \u0219i a eliminat vechiturile din circula\u021bie - mobilitatechisinau.md","og_description":"Prim\u0103ria Chi\u0219in\u0103u a modernizat transportul electric, cump\u0103r\u00e2nd, \u00een perioada 2021-2025, 213 troleibuze confortabile \u0219i sigure. \u0218eful interimar al Direc\u021biei Generale Mobilitate Urban\u0103, Dorin Ciorn\u00eei, sus\u021bine c\u0103 noile troleibuze ofer\u0103 condi\u021bii mai bune de confort, accesibilitate \u0219i siguran\u021b\u0103 pentru pasageri. Totodat\u0103, pe rutele aglomerate au fost introduse troleibuze articulate, reduc\u00e2nd timpul de a\u0219teptare \u00een sta\u021bii. Investi\u021biile [&hellip;]","og_url":"https:\/\/mobilitatechisinau.md\/?p=17408","og_site_name":"mobilitatechisinau.md","article_publisher":"https:\/\/www.facebook.com\/DGTPCC","article_published_time":"2026-04-18T12:54:04+00:00","article_modified_time":"2026-04-29T13:04:48+00:00","og_image":[{"width":1200,"height":700,"url":"https:\/\/mobilitatechisinau.md\/wp-content\/uploads\/2026\/04\/18-aprilie.jpg","type":"image\/jpeg"}],"author":"dgtpcc.md","twitter_card":"summary_large_image","twitter_misc":{"Scris de":"dgtpcc.md","Timp estimat pentru citire":"1 minut"},"schema":{"@context":"https:\/\/schema.org","@graph":[{"@type":"Article","@id":"https:\/\/mobilitatechisinau.md\/?p=17408#article","isPartOf":{"@id":"https:\/\/mobilitatechisinau.md\/?p=17408"},"author":{"name":"dgtpcc.md","@id":"https:\/\/mobilitatechisinau.md\/#\/schema\/person\/c25d28ff5553bea759689e10224709c7"},"headline":"Video: \u00cen doar 4 ani, Prim\u0103ria Chi\u0219in\u0103u a extins flota de troleibuze \u0219i a eliminat vechiturile din circula\u021bie","datePublished":"2026-04-18T12:54:04+00:00","dateModified":"2026-04-29T13:04:48+00:00","mainEntityOfPage":{"@id":"https:\/\/mobilitatechisinau.md\/?p=17408"},"wordCount":124,"publisher":{"@id":"https:\/\/mobilitatechisinau.md\/#organization"},"image":{"@id":"https:\/\/mobilitatechisinau.md\/?p=17408#primaryimage"},"thumbnailUrl":"https:\/\/mobilitatechisinau.md\/wp-content\/uploads\/2026\/04\/18-aprilie.jpg","articleSection":["Comunicate de pres\u0103"],"inLanguage":"ro-RO"},{"@type":"WebPage","@id":"https:\/\/mobilitatechisinau.md\/?p=17408","url":"https:\/\/mobilitatechisinau.md\/?p=17408","name":"Video: \u00cen doar 4 ani, Prim\u0103ria Chi\u0219in\u0103u a extins flota de troleibuze \u0219i a eliminat vechiturile din circula\u021bie - mobilitatechisinau.md","isPartOf":{"@id":"https:\/\/mobilitatechisinau.md\/#website"},"primaryImageOfPage":{"@id":"https:\/\/mobilitatechisinau.md\/?p=17408#primaryimage"},"image":{"@id":"https:\/\/mobilitatechisinau.md\/?p=17408#primaryimage"},"thumbnailUrl":"https:\/\/mobilitatechisinau.md\/wp-content\/uploads\/2026\/04\/18-aprilie.jpg","datePublished":"2026-04-18T12:54:04+00:00","dateModified":"2026-04-29T13:04:48+00:00","breadcrumb":{"@id":"https:\/\/mobilitatechisinau.md\/?p=17408#breadcrumb"},"inLanguage":"ro-RO","potentialAction":[{"@type":"ReadAction","target":["https:\/\/mobilitatechisinau.md\/?p=17408"]}]},{"@type":"ImageObject","inLanguage":"ro-RO","@id":"https:\/\/mobilitatechisinau.md\/?p=17408#primaryimage","url":"https:\/\/mobilitatechisinau.md\/wp-content\/uploads\/2026\/04\/18-aprilie.jpg","contentUrl":"https:\/\/mobilitatechisinau.md\/wp-content\/uploads\/2026\/04\/18-aprilie.jpg","width":1200,"height":700},{"@type":"BreadcrumbList","@id":"https:\/\/mobilitatechisinau.md\/?p=17408#breadcrumb","itemListElement":[{"@type":"ListItem","position":1,"name":"Prima pagin\u0103","item":"https:\/\/mobilitatechisinau.md\/"},{"@type":"ListItem","position":2,"name":"Video: \u00cen doar 4 ani, Prim\u0103ria Chi\u0219in\u0103u a extins flota de troleibuze \u0219i a eliminat vechiturile din circula\u021bie"}]},{"@type":"WebSite","@id":"https:\/\/mobilitatechisinau.md\/#website","url":"https:\/\/mobilitatechisinau.md\/","name":"mobilitatechisinau.md","description":"Direc\u0163ia General\u0103 Mobilitate Urban\u0103","publisher":{"@id":"https:\/\/mobilitatechisinau.md\/#organization"},"potentialAction":[{"@type":"SearchAction","target":{"@type":"EntryPoint","urlTemplate":"https:\/\/mobilitatechisinau.md\/?s={search_term_string}"},"query-input":{"@type":"PropertyValueSpecification","valueRequired":true,"valueName":"search_term_string"}}],"inLanguage":"ro-RO"},{"@type":"Organization","@id":"https:\/\/mobilitatechisinau.md\/#organization","name":"Direc\u0163ia general\u0103 transport public \u015fi c\u0103i de comunica\u0163ie","url":"https:\/\/mobilitatechisinau.md\/","logo":{"@type":"ImageObject","inLanguage":"ro-RO","@id":"https:\/\/mobilitatechisinau.md\/#\/schema\/logo\/image\/","url":"https:\/\/dgtpcc.md\/wp-content\/uploads\/2022\/05\/DGTPCC-Chis\u0326ina\u0306u-new.jpg","contentUrl":"https:\/\/dgtpcc.md\/wp-content\/uploads\/2022\/05\/DGTPCC-Chis\u0326ina\u0306u-new.jpg","width":304,"height":80,"caption":"Direc\u0163ia general\u0103 transport public \u015fi c\u0103i de comunica\u0163ie"},"image":{"@id":"https:\/\/mobilitatechisinau.md\/#\/schema\/logo\/image\/"},"sameAs":["https:\/\/www.facebook.com\/DGTPCC"]},{"@type":"Person","@id":"https:\/\/mobilitatechisinau.md\/#\/schema\/person\/c25d28ff5553bea759689e10224709c7","name":"dgtpcc.md","image":{"@type":"ImageObject","inLanguage":"ro-RO","@id":"https:\/\/mobilitatechisinau.md\/#\/schema\/person\/image\/","url":"https:\/\/secure.gravatar.com\/avatar\/9057a81ed6aa6c63f6d0d045749b3708fa15d612e3a388d9ac7b50072146c906?s=96&d=mm&r=g","contentUrl":"https:\/\/secure.gravatar.com\/avatar\/9057a81ed6aa6c63f6d0d045749b3708fa15d612e3a388d9ac7b50072146c906?s=96&d=mm&r=g","caption":"dgtpcc.md"},"sameAs":["https:\/\/dgtpcc.md"],"url":"https:\/\/mobilitatechisinau.md\/?author=1"}]}},"_links":{"self":[{"href":"https:\/\/mobilitatechisinau.md\/index.php?rest_route=\/wp\/v2\/posts\/17408","targetHints":{"allow":["GET"]}}],"collection":[{"href":"https:\/\/mobilitatechisinau.md\/index.php?rest_route=\/wp\/v2\/posts"}],"about":[{"href":"https:\/\/mobilitatechisinau.md\/index.php?rest_route=\/wp\/v2\/types\/post"}],"author":[{"embeddable":true,"href":"https:\/\/mobilitatechisinau.md\/index.php?rest_route=\/wp\/v2\/users\/1"}],"replies":[{"embeddable":true,"href":"https:\/\/mobilitatechisinau.md\/index.php?rest_route=%2Fwp%2Fv2%2Fcomments&post=17408"}],"version-history":[{"count":2,"href":"https:\/\/mobilitatechisinau.md\/index.php?rest_route=\/wp\/v2\/posts\/17408\/revisions"}],"predecessor-version":[{"id":17412,"href":"https:\/\/mobilitatechisinau.md\/index.php?rest_route=\/wp\/v2\/posts\/17408\/revisions\/17412"}],"wp:featuredmedia":[{"embeddable":true,"href":"https:\/\/mobilitatechisinau.md\/index.php?rest_route=\/wp\/v2\/media\/17409"}],"wp:attachment":[{"href":"https:\/\/mobilitatechisinau.md\/index.php?rest_route=%2Fwp%2Fv2%2Fmedia&parent=17408"}],"wp:term":[{"taxonomy":"category","embeddable":true,"href":"https:\/\/mobilitatechisinau.md\/index.php?rest_route=%2Fwp%2Fv2%2Fcategories&post=17408"},{"taxonomy":"post_tag","embeddable":true,"href":"https:\/\/mobilitatechisinau.md\/index.php?rest_route=%2Fwp%2Fv2%2Ftags&post=17408"}],"curies":[{"name":"wp","href":"https:\/\/api.w.org\/{rel}","templated":true}]}}