{"id":18029,"date":"2026-08-10T13:46:10","date_gmt":"2026-08-10T11:46:10","guid":{"rendered":"https:\/\/mobilitatechisinau.md\/?p=18029"},"modified":"2026-08-24T13:54:00","modified_gmt":"2026-08-24T11:54:00","slug":"primarul-general-ion-ceban-parcarile-de-captura-din-chisinau-sunt-dezvoltate-impreuna-cu-infrastructura-necesara-pentru-acces-rapid-si-confortabil","status":"publish","type":"post","link":"https:\/\/mobilitatechisinau.md\/?p=18029","title":{"rendered":"Primarul General, Ion Ceban: Parc\u0103rile de captur\u0103 din Chi\u0219in\u0103u sunt dezvoltate \u00eempreun\u0103 cu infrastructura necesar\u0103 pentru acces rapid \u0219i confortabil"},"content":{"rendered":"\n<p class=\"wp-block-paragraph\">Primarul General, Ion Ceban, informeaz\u0103 c\u0103 proiectele de amenajare a parc\u0103rilor de captur\u0103 din municipiul Chi\u0219in\u0103u sunt realizate \u00een paralel cu dezvoltarea infrastructurii adiacente, astfel \u00eenc\u00e2t acestea s\u0103 ofere condi\u021bii confortabile \u0219i accesibile pentru \u0219oferi \u0219i utilizatorii transportului public.<\/p>\n\n\n\n<p class=\"wp-block-paragraph\">\u201eToate parc\u0103rile de captur\u0103 care sunt ast\u0103zi construite de Prim\u0103ria Chi\u0219in\u0103u sunt g\u00e2ndite de speciali\u0219ti \u0219i vor avea toat\u0103 infrastructura adiacent\u0103 necesar\u0103. Este vorba despre conexiuni \u0219i accese, astfel \u00eenc\u00e2t \u0219oferilor s\u0103 le fie confortabil s\u0103 lase ma\u0219inile \u00een parc\u0103rile de captur\u0103. Toate procesele sunt realizate \u00een paralel\u201d, a declarat Primarul General, Ion Ceban.<\/p>\n\n\n\n<p class=\"wp-block-paragraph\">\u00cen prezent, lucr\u0103rile \u0219i interven\u021biile aferente sunt desf\u0103\u0219urate la mai multe obiective din municipiu.<\/p>\n\n\n\n<p class=\"wp-block-paragraph\">Pe str. Vadul lui Vod\u0103, \u00een sectorul Ciocana, este amenajat\u0103 o parcare de captur\u0103 cu o capacitate de peste 520 de locuri. Proiectul prevede \u0219i o sta\u021bie de transport public, spa\u021bii amenajate pentru cet\u0103\u021beni \u0219i infrastructura necesar\u0103 pentru asigurarea unui acces rapid spre ora\u0219.<\/p>\n\n\n\n<figure class=\"wp-block-image size-large\"><img fetchpriority=\"high\" decoding=\"async\" width=\"1024\" height=\"571\" src=\"https:\/\/mobilitatechisinau.md\/wp-content\/uploads\/2026\/08\/str-Vadul-lui-Voda-1024x571.jpg\" alt=\"\" class=\"wp-image-18031\" srcset=\"https:\/\/mobilitatechisinau.md\/wp-content\/uploads\/2026\/08\/str-Vadul-lui-Voda-1024x571.jpg 1024w, https:\/\/mobilitatechisinau.md\/wp-content\/uploads\/2026\/08\/str-Vadul-lui-Voda-300x167.jpg 300w, https:\/\/mobilitatechisinau.md\/wp-content\/uploads\/2026\/08\/str-Vadul-lui-Voda-767x428.jpg 767w, https:\/\/mobilitatechisinau.md\/wp-content\/uploads\/2026\/08\/str-Vadul-lui-Voda-18x10.jpg 18w, https:\/\/mobilitatechisinau.md\/wp-content\/uploads\/2026\/08\/str-Vadul-lui-Voda.jpg 1200w\" sizes=\"(max-width: 1024px) 100vw, 1024px\" \/><\/figure>\n\n\n\n<p class=\"wp-block-paragraph\">Pe str. Codrilor, \u00een sectorul Buiucani, este \u00een proces de amenajare o parcare cu aproximativ 250 de locuri. Aceasta va dispune de dou\u0103 accese, iar \u00een apropiere este prev\u0103zut\u0103 o sta\u021bie de transport public. Proiectul include, de asemenea, spa\u021bii pentru utilizatori \u0219i pentru \u0219oferii transportului public municipal.<\/p>\n\n\n\n<figure class=\"wp-block-image size-large\"><img decoding=\"async\" width=\"1024\" height=\"571\" src=\"https:\/\/mobilitatechisinau.md\/wp-content\/uploads\/2026\/08\/str-Codrilor-1024x571.jpg\" alt=\"\" class=\"wp-image-18032\" srcset=\"https:\/\/mobilitatechisinau.md\/wp-content\/uploads\/2026\/08\/str-Codrilor-1024x571.jpg 1024w, https:\/\/mobilitatechisinau.md\/wp-content\/uploads\/2026\/08\/str-Codrilor-300x167.jpg 300w, https:\/\/mobilitatechisinau.md\/wp-content\/uploads\/2026\/08\/str-Codrilor-767x428.jpg 767w, https:\/\/mobilitatechisinau.md\/wp-content\/uploads\/2026\/08\/str-Codrilor-18x10.jpg 18w, https:\/\/mobilitatechisinau.md\/wp-content\/uploads\/2026\/08\/str-Codrilor.jpg 1200w\" sizes=\"(max-width: 1024px) 100vw, 1024px\" \/><\/figure>\n\n\n\n<p class=\"wp-block-paragraph\">\u00cen sectorul R\u00ee\u0219cani, pe Calea Orheiului, este prev\u0103zut\u0103 o parcare de captur\u0103 cu circa 178 de locuri. Proiectul include spa\u021bii verzi, zone de odihn\u0103 \u0219i infrastructura necesar\u0103 pentru asigurarea unui acces sigur \u0219i confortabil.<\/p>\n\n\n\n<figure class=\"wp-block-image size-large\"><img decoding=\"async\" width=\"1024\" height=\"571\" src=\"https:\/\/mobilitatechisinau.md\/wp-content\/uploads\/2026\/08\/str-Cale-Orheiului-1024x571.jpg\" alt=\"\" class=\"wp-image-18033\" srcset=\"https:\/\/mobilitatechisinau.md\/wp-content\/uploads\/2026\/08\/str-Cale-Orheiului-1024x571.jpg 1024w, https:\/\/mobilitatechisinau.md\/wp-content\/uploads\/2026\/08\/str-Cale-Orheiului-300x167.jpg 300w, https:\/\/mobilitatechisinau.md\/wp-content\/uploads\/2026\/08\/str-Cale-Orheiului-18x10.jpg 18w, https:\/\/mobilitatechisinau.md\/wp-content\/uploads\/2026\/08\/str-Cale-Orheiului-767x428.jpg 767w, https:\/\/mobilitatechisinau.md\/wp-content\/uploads\/2026\/08\/str-Cale-Orheiului.jpg 1200w\" sizes=\"(max-width: 1024px) 100vw, 1024px\" \/><\/figure>\n\n\n\n<p class=\"wp-block-paragraph\">\u00cen perioada urm\u0103toare, urmeaz\u0103 s\u0103 \u00eenceap\u0103 lucr\u0103rile de finalizare a parc\u0103rii de captur\u0103 de pe str. Ghidighici, \u00een sectorul Buiucani. Obiectivul va avea o capacitate de 240 de locuri \u0219i va beneficia de infrastructura adiacent\u0103 necesar\u0103.<\/p>\n\n\n\n<figure class=\"wp-block-image size-large\"><img loading=\"lazy\" decoding=\"async\" width=\"1024\" height=\"571\" src=\"https:\/\/mobilitatechisinau.md\/wp-content\/uploads\/2026\/08\/str-Ghidighici-1024x571.jpg\" alt=\"\" class=\"wp-image-18035\" srcset=\"https:\/\/mobilitatechisinau.md\/wp-content\/uploads\/2026\/08\/str-Ghidighici-1024x571.jpg 1024w, https:\/\/mobilitatechisinau.md\/wp-content\/uploads\/2026\/08\/str-Ghidighici-300x167.jpg 300w, https:\/\/mobilitatechisinau.md\/wp-content\/uploads\/2026\/08\/str-Ghidighici-18x10.jpg 18w, https:\/\/mobilitatechisinau.md\/wp-content\/uploads\/2026\/08\/str-Ghidighici-767x428.jpg 767w, https:\/\/mobilitatechisinau.md\/wp-content\/uploads\/2026\/08\/str-Ghidighici.jpg 1200w\" sizes=\"(max-width: 1024px) 100vw, 1024px\" \/><\/figure>\n\n\n\n<p class=\"wp-block-paragraph\">Totodat\u0103, parcarea de captur\u0103 de pe \u0219os. H\u00eence\u0219ti, \u00een sectorul Centru, sub podul din cartierul Telecentru, cu o capacitate de aproximativ 250 de locuri, urmeaz\u0103 s\u0103 devin\u0103 func\u021bional\u0103 \u00een scurt timp, dup\u0103 finalizarea lucr\u0103rilor de adaptare a infrastructurii pentru acces.<\/p>\n\n\n\n<figure class=\"wp-block-image size-large\"><img loading=\"lazy\" decoding=\"async\" width=\"1024\" height=\"571\" src=\"https:\/\/mobilitatechisinau.md\/wp-content\/uploads\/2026\/08\/sos-Hancesti-1024x571.jpg\" alt=\"\" class=\"wp-image-18034\" srcset=\"https:\/\/mobilitatechisinau.md\/wp-content\/uploads\/2026\/08\/sos-Hancesti-1024x571.jpg 1024w, https:\/\/mobilitatechisinau.md\/wp-content\/uploads\/2026\/08\/sos-Hancesti-300x167.jpg 300w, https:\/\/mobilitatechisinau.md\/wp-content\/uploads\/2026\/08\/sos-Hancesti-767x428.jpg 767w, https:\/\/mobilitatechisinau.md\/wp-content\/uploads\/2026\/08\/sos-Hancesti-18x10.jpg 18w, https:\/\/mobilitatechisinau.md\/wp-content\/uploads\/2026\/08\/sos-Hancesti.jpg 1200w\" sizes=\"(max-width: 1024px) 100vw, 1024px\" \/><\/figure>\n\n\n\n<p class=\"wp-block-paragraph\">\u201eM\u0103 bucur c\u0103 aceste proiecte prezint\u0103 interes public \u0219i urmeaz\u0103 s\u0103 anun\u021b\u0103m \u0219i alte adrese\u201d, a mai men\u021bionat Primarul General, Ion Ceban.<\/p>\n\n\n\n<p class=\"wp-block-paragraph\">Prin dezvoltarea parc\u0103rilor de captur\u0103, municipalitatea urm\u0103re\u0219te s\u0103 creeze alternative pentru \u0219oferii care doresc s\u0103 \u00ee\u0219i lase autoturismele la intr\u0103rile \u00een ora\u0219 \u0219i s\u0103 \u00ee\u0219i continue c\u0103l\u0103toria cu transportul public, contribuind astfel la reducerea presiunii asupra traficului \u0219i a parc\u0103rilor din zona central\u0103.<\/p>\n","protected":false},"excerpt":{"rendered":"<p>Primarul General, Ion Ceban, informeaz\u0103 c\u0103 proiectele de amenajare a parc\u0103rilor de captur\u0103 din municipiul Chi\u0219in\u0103u sunt realizate \u00een paralel cu dezvoltarea infrastructurii adiacente, astfel \u00eenc\u00e2t acestea s\u0103 ofere condi\u021bii confortabile \u0219i accesibile pentru \u0219oferi \u0219i utilizatorii transportului public. \u201eToate parc\u0103rile de captur\u0103 care sunt ast\u0103zi construite de Prim\u0103ria Chi\u0219in\u0103u sunt g\u00e2ndite de speciali\u0219ti \u0219i [&hellip;]<\/p>\n","protected":false},"author":1,"featured_media":18030,"comment_status":"closed","ping_status":"open","sticky":false,"template":"","format":"standard","meta":{"footnotes":""},"categories":[92],"tags":[],"class_list":["post-18029","post","type-post","status-publish","format-standard","has-post-thumbnail","hentry","category-comunicate"],"yoast_head":"<!-- This site is optimized with the Yoast SEO plugin v23.9 - https:\/\/yoast.com\/wordpress\/plugins\/seo\/ -->\n<title>Primarul General, Ion Ceban: Parc\u0103rile de captur\u0103 din Chi\u0219in\u0103u sunt dezvoltate \u00eempreun\u0103 cu infrastructura necesar\u0103 pentru acces rapid \u0219i confortabil - mobilitatechisinau.md<\/title>\n<meta name=\"robots\" content=\"index, follow, max-snippet:-1, max-image-preview:large, max-video-preview:-1\" \/>\n<link rel=\"canonical\" href=\"https:\/\/mobilitatechisinau.md\/?p=18029\" \/>\n<meta property=\"og:locale\" content=\"ro_RO\" \/>\n<meta property=\"og:type\" content=\"article\" \/>\n<meta property=\"og:title\" content=\"Primarul General, Ion Ceban: Parc\u0103rile de captur\u0103 din Chi\u0219in\u0103u sunt dezvoltate \u00eempreun\u0103 cu infrastructura necesar\u0103 pentru acces rapid \u0219i confortabil - mobilitatechisinau.md\" \/>\n<meta property=\"og:description\" content=\"Primarul General, Ion Ceban, informeaz\u0103 c\u0103 proiectele de amenajare a parc\u0103rilor de captur\u0103 din municipiul Chi\u0219in\u0103u sunt realizate \u00een paralel cu dezvoltarea infrastructurii adiacente, astfel \u00eenc\u00e2t acestea s\u0103 ofere condi\u021bii confortabile \u0219i accesibile pentru \u0219oferi \u0219i utilizatorii transportului public. \u201eToate parc\u0103rile de captur\u0103 care sunt ast\u0103zi construite de Prim\u0103ria Chi\u0219in\u0103u sunt g\u00e2ndite de speciali\u0219ti \u0219i [&hellip;]\" \/>\n<meta property=\"og:url\" content=\"https:\/\/mobilitatechisinau.md\/?p=18029\" \/>\n<meta property=\"og:site_name\" content=\"mobilitatechisinau.md\" \/>\n<meta property=\"article:publisher\" content=\"https:\/\/www.facebook.com\/DGTPCC\" \/>\n<meta property=\"article:published_time\" content=\"2026-08-10T11:46:10+00:00\" \/>\n<meta property=\"article:modified_time\" content=\"2026-08-24T11:54:00+00:00\" \/>\n<meta property=\"og:image\" content=\"https:\/\/mobilitatechisinau.md\/wp-content\/uploads\/2026\/08\/sos-Hancesti-1.jpg\" \/>\n\t<meta property=\"og:image:width\" content=\"1200\" \/>\n\t<meta property=\"og:image:height\" content=\"700\" \/>\n\t<meta property=\"og:image:type\" content=\"image\/jpeg\" \/>\n<meta name=\"author\" content=\"dgtpcc.md\" \/>\n<meta name=\"twitter:card\" content=\"summary_large_image\" \/>\n<meta name=\"twitter:label1\" content=\"Scris de\" \/>\n\t<meta name=\"twitter:data1\" content=\"dgtpcc.md\" \/>\n\t<meta name=\"twitter:label2\" content=\"Timp estimat pentru citire\" \/>\n\t<meta name=\"twitter:data2\" content=\"4 minute\" \/>\n<script type=\"application\/ld+json\" class=\"yoast-schema-graph\">{\"@context\":\"https:\/\/schema.org\",\"@graph\":[{\"@type\":\"Article\",\"@id\":\"https:\/\/mobilitatechisinau.md\/?p=18029#article\",\"isPartOf\":{\"@id\":\"https:\/\/mobilitatechisinau.md\/?p=18029\"},\"author\":{\"name\":\"dgtpcc.md\",\"@id\":\"https:\/\/mobilitatechisinau.md\/#\/schema\/person\/c25d28ff5553bea759689e10224709c7\"},\"headline\":\"Primarul General, Ion Ceban: Parc\u0103rile de captur\u0103 din Chi\u0219in\u0103u sunt dezvoltate \u00eempreun\u0103 cu infrastructura necesar\u0103 pentru acces rapid \u0219i confortabil\",\"datePublished\":\"2026-08-10T11:46:10+00:00\",\"dateModified\":\"2026-08-24T11:54:00+00:00\",\"mainEntityOfPage\":{\"@id\":\"https:\/\/mobilitatechisinau.md\/?p=18029\"},\"wordCount\":434,\"publisher\":{\"@id\":\"https:\/\/mobilitatechisinau.md\/#organization\"},\"image\":{\"@id\":\"https:\/\/mobilitatechisinau.md\/?p=18029#primaryimage\"},\"thumbnailUrl\":\"https:\/\/mobilitatechisinau.md\/wp-content\/uploads\/2026\/08\/sos-Hancesti-1.jpg\",\"articleSection\":[\"Comunicate de pres\u0103\"],\"inLanguage\":\"ro-RO\"},{\"@type\":\"WebPage\",\"@id\":\"https:\/\/mobilitatechisinau.md\/?p=18029\",\"url\":\"https:\/\/mobilitatechisinau.md\/?p=18029\",\"name\":\"Primarul General, Ion Ceban: Parc\u0103rile de captur\u0103 din Chi\u0219in\u0103u sunt dezvoltate \u00eempreun\u0103 cu infrastructura necesar\u0103 pentru acces rapid \u0219i confortabil - mobilitatechisinau.md\",\"isPartOf\":{\"@id\":\"https:\/\/mobilitatechisinau.md\/#website\"},\"primaryImageOfPage\":{\"@id\":\"https:\/\/mobilitatechisinau.md\/?p=18029#primaryimage\"},\"image\":{\"@id\":\"https:\/\/mobilitatechisinau.md\/?p=18029#primaryimage\"},\"thumbnailUrl\":\"https:\/\/mobilitatechisinau.md\/wp-content\/uploads\/2026\/08\/sos-Hancesti-1.jpg\",\"datePublished\":\"2026-08-10T11:46:10+00:00\",\"dateModified\":\"2026-08-24T11:54:00+00:00\",\"breadcrumb\":{\"@id\":\"https:\/\/mobilitatechisinau.md\/?p=18029#breadcrumb\"},\"inLanguage\":\"ro-RO\",\"potentialAction\":[{\"@type\":\"ReadAction\",\"target\":[\"https:\/\/mobilitatechisinau.md\/?p=18029\"]}]},{\"@type\":\"ImageObject\",\"inLanguage\":\"ro-RO\",\"@id\":\"https:\/\/mobilitatechisinau.md\/?p=18029#primaryimage\",\"url\":\"https:\/\/mobilitatechisinau.md\/wp-content\/uploads\/2026\/08\/sos-Hancesti-1.jpg\",\"contentUrl\":\"https:\/\/mobilitatechisinau.md\/wp-content\/uploads\/2026\/08\/sos-Hancesti-1.jpg\",\"width\":1200,\"height\":700},{\"@type\":\"BreadcrumbList\",\"@id\":\"https:\/\/mobilitatechisinau.md\/?p=18029#breadcrumb\",\"itemListElement\":[{\"@type\":\"ListItem\",\"position\":1,\"name\":\"Prima pagin\u0103\",\"item\":\"https:\/\/mobilitatechisinau.md\/\"},{\"@type\":\"ListItem\",\"position\":2,\"name\":\"Primarul General, Ion Ceban: Parc\u0103rile de captur\u0103 din Chi\u0219in\u0103u sunt dezvoltate \u00eempreun\u0103 cu infrastructura necesar\u0103 pentru acces rapid \u0219i confortabil\"}]},{\"@type\":\"WebSite\",\"@id\":\"https:\/\/mobilitatechisinau.md\/#website\",\"url\":\"https:\/\/mobilitatechisinau.md\/\",\"name\":\"mobilitatechisinau.md\",\"description\":\"Direc\u0163ia General\u0103 Mobilitate Urban\u0103\",\"publisher\":{\"@id\":\"https:\/\/mobilitatechisinau.md\/#organization\"},\"potentialAction\":[{\"@type\":\"SearchAction\",\"target\":{\"@type\":\"EntryPoint\",\"urlTemplate\":\"https:\/\/mobilitatechisinau.md\/?s={search_term_string}\"},\"query-input\":{\"@type\":\"PropertyValueSpecification\",\"valueRequired\":true,\"valueName\":\"search_term_string\"}}],\"inLanguage\":\"ro-RO\"},{\"@type\":\"Organization\",\"@id\":\"https:\/\/mobilitatechisinau.md\/#organization\",\"name\":\"Direc\u0163ia general\u0103 transport public \u015fi c\u0103i de comunica\u0163ie\",\"url\":\"https:\/\/mobilitatechisinau.md\/\",\"logo\":{\"@type\":\"ImageObject\",\"inLanguage\":\"ro-RO\",\"@id\":\"https:\/\/mobilitatechisinau.md\/#\/schema\/logo\/image\/\",\"url\":\"https:\/\/dgtpcc.md\/wp-content\/uploads\/2022\/05\/DGTPCC-Chis\u0326ina\u0306u-new.jpg\",\"contentUrl\":\"https:\/\/dgtpcc.md\/wp-content\/uploads\/2022\/05\/DGTPCC-Chis\u0326ina\u0306u-new.jpg\",\"width\":304,\"height\":80,\"caption\":\"Direc\u0163ia general\u0103 transport public \u015fi c\u0103i de comunica\u0163ie\"},\"image\":{\"@id\":\"https:\/\/mobilitatechisinau.md\/#\/schema\/logo\/image\/\"},\"sameAs\":[\"https:\/\/www.facebook.com\/DGTPCC\"]},{\"@type\":\"Person\",\"@id\":\"https:\/\/mobilitatechisinau.md\/#\/schema\/person\/c25d28ff5553bea759689e10224709c7\",\"name\":\"dgtpcc.md\",\"image\":{\"@type\":\"ImageObject\",\"inLanguage\":\"ro-RO\",\"@id\":\"https:\/\/mobilitatechisinau.md\/#\/schema\/person\/image\/\",\"url\":\"https:\/\/secure.gravatar.com\/avatar\/9057a81ed6aa6c63f6d0d045749b3708fa15d612e3a388d9ac7b50072146c906?s=96&d=mm&r=g\",\"contentUrl\":\"https:\/\/secure.gravatar.com\/avatar\/9057a81ed6aa6c63f6d0d045749b3708fa15d612e3a388d9ac7b50072146c906?s=96&d=mm&r=g\",\"caption\":\"dgtpcc.md\"},\"sameAs\":[\"https:\/\/dgtpcc.md\"],\"url\":\"https:\/\/mobilitatechisinau.md\/?author=1\"}]}<\/script>\n<!-- \/ Yoast SEO plugin. -->","yoast_head_json":{"title":"Primarul General, Ion Ceban: Parc\u0103rile de captur\u0103 din Chi\u0219in\u0103u sunt dezvoltate \u00eempreun\u0103 cu infrastructura necesar\u0103 pentru acces rapid \u0219i confortabil - mobilitatechisinau.md","robots":{"index":"index","follow":"follow","max-snippet":"max-snippet:-1","max-image-preview":"max-image-preview:large","max-video-preview":"max-video-preview:-1"},"canonical":"https:\/\/mobilitatechisinau.md\/?p=18029","og_locale":"ro_RO","og_type":"article","og_title":"Primarul General, Ion Ceban: Parc\u0103rile de captur\u0103 din Chi\u0219in\u0103u sunt dezvoltate \u00eempreun\u0103 cu infrastructura necesar\u0103 pentru acces rapid \u0219i confortabil - mobilitatechisinau.md","og_description":"Primarul General, Ion Ceban, informeaz\u0103 c\u0103 proiectele de amenajare a parc\u0103rilor de captur\u0103 din municipiul Chi\u0219in\u0103u sunt realizate \u00een paralel cu dezvoltarea infrastructurii adiacente, astfel \u00eenc\u00e2t acestea s\u0103 ofere condi\u021bii confortabile \u0219i accesibile pentru \u0219oferi \u0219i utilizatorii transportului public. \u201eToate parc\u0103rile de captur\u0103 care sunt ast\u0103zi construite de Prim\u0103ria Chi\u0219in\u0103u sunt g\u00e2ndite de speciali\u0219ti \u0219i [&hellip;]","og_url":"https:\/\/mobilitatechisinau.md\/?p=18029","og_site_name":"mobilitatechisinau.md","article_publisher":"https:\/\/www.facebook.com\/DGTPCC","article_published_time":"2026-08-10T11:46:10+00:00","article_modified_time":"2026-08-24T11:54:00+00:00","og_image":[{"width":1200,"height":700,"url":"https:\/\/mobilitatechisinau.md\/wp-content\/uploads\/2026\/08\/sos-Hancesti-1.jpg","type":"image\/jpeg"}],"author":"dgtpcc.md","twitter_card":"summary_large_image","twitter_misc":{"Scris de":"dgtpcc.md","Timp estimat pentru citire":"4 minute"},"schema":{"@context":"https:\/\/schema.org","@graph":[{"@type":"Article","@id":"https:\/\/mobilitatechisinau.md\/?p=18029#article","isPartOf":{"@id":"https:\/\/mobilitatechisinau.md\/?p=18029"},"author":{"name":"dgtpcc.md","@id":"https:\/\/mobilitatechisinau.md\/#\/schema\/person\/c25d28ff5553bea759689e10224709c7"},"headline":"Primarul General, Ion Ceban: Parc\u0103rile de captur\u0103 din Chi\u0219in\u0103u sunt dezvoltate \u00eempreun\u0103 cu infrastructura necesar\u0103 pentru acces rapid \u0219i confortabil","datePublished":"2026-08-10T11:46:10+00:00","dateModified":"2026-08-24T11:54:00+00:00","mainEntityOfPage":{"@id":"https:\/\/mobilitatechisinau.md\/?p=18029"},"wordCount":434,"publisher":{"@id":"https:\/\/mobilitatechisinau.md\/#organization"},"image":{"@id":"https:\/\/mobilitatechisinau.md\/?p=18029#primaryimage"},"thumbnailUrl":"https:\/\/mobilitatechisinau.md\/wp-content\/uploads\/2026\/08\/sos-Hancesti-1.jpg","articleSection":["Comunicate de pres\u0103"],"inLanguage":"ro-RO"},{"@type":"WebPage","@id":"https:\/\/mobilitatechisinau.md\/?p=18029","url":"https:\/\/mobilitatechisinau.md\/?p=18029","name":"Primarul General, Ion Ceban: Parc\u0103rile de captur\u0103 din Chi\u0219in\u0103u sunt dezvoltate \u00eempreun\u0103 cu infrastructura necesar\u0103 pentru acces rapid \u0219i confortabil - mobilitatechisinau.md","isPartOf":{"@id":"https:\/\/mobilitatechisinau.md\/#website"},"primaryImageOfPage":{"@id":"https:\/\/mobilitatechisinau.md\/?p=18029#primaryimage"},"image":{"@id":"https:\/\/mobilitatechisinau.md\/?p=18029#primaryimage"},"thumbnailUrl":"https:\/\/mobilitatechisinau.md\/wp-content\/uploads\/2026\/08\/sos-Hancesti-1.jpg","datePublished":"2026-08-10T11:46:10+00:00","dateModified":"2026-08-24T11:54:00+00:00","breadcrumb":{"@id":"https:\/\/mobilitatechisinau.md\/?p=18029#breadcrumb"},"inLanguage":"ro-RO","potentialAction":[{"@type":"ReadAction","target":["https:\/\/mobilitatechisinau.md\/?p=18029"]}]},{"@type":"ImageObject","inLanguage":"ro-RO","@id":"https:\/\/mobilitatechisinau.md\/?p=18029#primaryimage","url":"https:\/\/mobilitatechisinau.md\/wp-content\/uploads\/2026\/08\/sos-Hancesti-1.jpg","contentUrl":"https:\/\/mobilitatechisinau.md\/wp-content\/uploads\/2026\/08\/sos-Hancesti-1.jpg","width":1200,"height":700},{"@type":"BreadcrumbList","@id":"https:\/\/mobilitatechisinau.md\/?p=18029#breadcrumb","itemListElement":[{"@type":"ListItem","position":1,"name":"Prima pagin\u0103","item":"https:\/\/mobilitatechisinau.md\/"},{"@type":"ListItem","position":2,"name":"Primarul General, Ion Ceban: Parc\u0103rile de captur\u0103 din Chi\u0219in\u0103u sunt dezvoltate \u00eempreun\u0103 cu infrastructura necesar\u0103 pentru acces rapid \u0219i confortabil"}]},{"@type":"WebSite","@id":"https:\/\/mobilitatechisinau.md\/#website","url":"https:\/\/mobilitatechisinau.md\/","name":"mobilitatechisinau.md","description":"Direc\u0163ia General\u0103 Mobilitate Urban\u0103","publisher":{"@id":"https:\/\/mobilitatechisinau.md\/#organization"},"potentialAction":[{"@type":"SearchAction","target":{"@type":"EntryPoint","urlTemplate":"https:\/\/mobilitatechisinau.md\/?s={search_term_string}"},"query-input":{"@type":"PropertyValueSpecification","valueRequired":true,"valueName":"search_term_string"}}],"inLanguage":"ro-RO"},{"@type":"Organization","@id":"https:\/\/mobilitatechisinau.md\/#organization","name":"Direc\u0163ia general\u0103 transport public \u015fi c\u0103i de comunica\u0163ie","url":"https:\/\/mobilitatechisinau.md\/","logo":{"@type":"ImageObject","inLanguage":"ro-RO","@id":"https:\/\/mobilitatechisinau.md\/#\/schema\/logo\/image\/","url":"https:\/\/dgtpcc.md\/wp-content\/uploads\/2022\/05\/DGTPCC-Chis\u0326ina\u0306u-new.jpg","contentUrl":"https:\/\/dgtpcc.md\/wp-content\/uploads\/2022\/05\/DGTPCC-Chis\u0326ina\u0306u-new.jpg","width":304,"height":80,"caption":"Direc\u0163ia general\u0103 transport public \u015fi c\u0103i de comunica\u0163ie"},"image":{"@id":"https:\/\/mobilitatechisinau.md\/#\/schema\/logo\/image\/"},"sameAs":["https:\/\/www.facebook.com\/DGTPCC"]},{"@type":"Person","@id":"https:\/\/mobilitatechisinau.md\/#\/schema\/person\/c25d28ff5553bea759689e10224709c7","name":"dgtpcc.md","image":{"@type":"ImageObject","inLanguage":"ro-RO","@id":"https:\/\/mobilitatechisinau.md\/#\/schema\/person\/image\/","url":"https:\/\/secure.gravatar.com\/avatar\/9057a81ed6aa6c63f6d0d045749b3708fa15d612e3a388d9ac7b50072146c906?s=96&d=mm&r=g","contentUrl":"https:\/\/secure.gravatar.com\/avatar\/9057a81ed6aa6c63f6d0d045749b3708fa15d612e3a388d9ac7b50072146c906?s=96&d=mm&r=g","caption":"dgtpcc.md"},"sameAs":["https:\/\/dgtpcc.md"],"url":"https:\/\/mobilitatechisinau.md\/?author=1"}]}},"_links":{"self":[{"href":"https:\/\/mobilitatechisinau.md\/index.php?rest_route=\/wp\/v2\/posts\/18029","targetHints":{"allow":["GET"]}}],"collection":[{"href":"https:\/\/mobilitatechisinau.md\/index.php?rest_route=\/wp\/v2\/posts"}],"about":[{"href":"https:\/\/mobilitatechisinau.md\/index.php?rest_route=\/wp\/v2\/types\/post"}],"author":[{"embeddable":true,"href":"https:\/\/mobilitatechisinau.md\/index.php?rest_route=\/wp\/v2\/users\/1"}],"replies":[{"embeddable":true,"href":"https:\/\/mobilitatechisinau.md\/index.php?rest_route=%2Fwp%2Fv2%2Fcomments&post=18029"}],"version-history":[{"count":1,"href":"https:\/\/mobilitatechisinau.md\/index.php?rest_route=\/wp\/v2\/posts\/18029\/revisions"}],"predecessor-version":[{"id":18036,"href":"https:\/\/mobilitatechisinau.md\/index.php?rest_route=\/wp\/v2\/posts\/18029\/revisions\/18036"}],"wp:featuredmedia":[{"embeddable":true,"href":"https:\/\/mobilitatechisinau.md\/index.php?rest_route=\/wp\/v2\/media\/18030"}],"wp:attachment":[{"href":"https:\/\/mobilitatechisinau.md\/index.php?rest_route=%2Fwp%2Fv2%2Fmedia&parent=18029"}],"wp:term":[{"taxonomy":"category","embeddable":true,"href":"https:\/\/mobilitatechisinau.md\/index.php?rest_route=%2Fwp%2Fv2%2Fcategories&post=18029"},{"taxonomy":"post_tag","embeddable":true,"href":"https:\/\/mobilitatechisinau.md\/index.php?rest_route=%2Fwp%2Fv2%2Ftags&post=18029"}],"curies":[{"name":"wp","href":"https:\/\/api.w.org\/{rel}","templated":true}]}}