{"id":18037,"date":"2026-08-11T14:01:31","date_gmt":"2026-08-11T12:01:31","guid":{"rendered":"https:\/\/mobilitatechisinau.md\/?p=18037"},"modified":"2026-08-24T14:12:10","modified_gmt":"2026-08-24T12:12:10","slug":"bulevardul-mircea-cel-batran-se-extinde-infrastructura-rutiera-si-de-transport-public-modernizata","status":"publish","type":"post","link":"https:\/\/mobilitatechisinau.md\/?p=18037","title":{"rendered":"Bulevardul Mircea cel B\u0103tr\u00e2n se extinde: infrastructur\u0103 rutier\u0103 \u0219i de transport public modernizat\u0103"},"content":{"rendered":"\n<p class=\"wp-block-paragraph\">Prim\u0103ria municipiului Chi\u0219in\u0103u informeaz\u0103 c\u0103 proiectul de extindere a bulevardului Mircea cel B\u0103tr\u00e2n va crea o conexiune rutier\u0103 modern\u0103 \u00eentre str. Profesor Ion Dumeniuc \u0219i str. Bucovina \u0219i va \u00eembun\u0103t\u0103\u021bi accesibilitatea \u00eentre sectoarele capitalei.<\/p>\n\n\n\n<p class=\"wp-block-paragraph\">Extinderea bulevardului presupune amenajarea unei artere cu \u0219ase benzi de circula\u021bie \u0219i dezvoltarea unei infrastructuri moderne pentru toate categoriile de participan\u021bi la trafic. \u00cen cadrul proiectului vor fi construi\u021bi aproximativ 47 300 m\u00b2 de carosabil, iar pentru pietoni vor fi amenajate circa 17 500 m\u00b2 de trotuare.<\/p>\n\n\n\n<p class=\"wp-block-paragraph\">Totodat\u0103, proiectul prevede amenajarea unei piste pentru biciclete cu o lungime de aproximativ 2,4 km, precum \u0219i dezvoltarea infrastructurii pentru transportul public. Pe noul tronson vor fi amenajate nou\u0103 sta\u021bii de transport public \u0219i o nou\u0103 sta\u021bie terminus.<\/p>\n\n\n\n<p class=\"wp-block-paragraph\">Un element important al proiectului \u00eel reprezint\u0103 dezvoltarea infrastructurii de troleibuz. Pentru prima dat\u0103, pe aceast\u0103 arter\u0103 va fi introdus\u0103 linia de troleibuz, urm\u00e2nd s\u0103 fie construit\u0103 o re\u021bea de aproximativ 8,8 km de linie de contact. Proiectul include \u0219i amenajarea unei sta\u021bii de trac\u021biune, precum \u0219i modernizarea cl\u0103dirii de dispecerat.<\/p>\n\n\n\n<p class=\"wp-block-paragraph\">\u00cen zona adiacent\u0103 arterei vor fi amenajate aproximativ 5 800 m\u00b2 de spa\u021bii verzi. De asemenea, sunt prev\u0103zute \u00eentre 8 \u0219i 10 parc\u0103ri, inclusiv infrastructur\u0103 pentru \u00eenc\u0103rcarea vehiculelor electrice.<\/p>\n\n\n\n<p class=\"wp-block-paragraph\">Pentru sporirea siguran\u021bei rutiere, noul tronson va fi echipat cu semafoare inteligente \u0219i treceri pietonale supra\u00een\u0103l\u021bate.<\/p>\n\n\n\n<p class=\"wp-block-paragraph\">Prin realizarea acestor lucr\u0103ri, bulevardul Mircea cel B\u0103tr\u00e2n va deveni o arter\u0103 care integreaz\u0103 infrastructura rutier\u0103, transportul public, mobilitatea alternativ\u0103 \u0219i amenajarea spa\u021biilor publice, contribuind la dezvoltarea \u0219i extinderea infrastructurii municipale.<\/p>\n\n\n\n<p class=\"wp-block-paragraph\">Proiectul face parte din lucr\u0103rile de dezvoltare a infrastructurii de transport a municipiului Chi\u0219in\u0103u \u0219i urm\u0103re\u0219te crearea unei conexiuni moderne \u0219i sigure pentru locuitorii din zonele deservite de noul tronson.<\/p>\n\n\n<div class=\"wp-block-image\">\n<figure class=\"aligncenter size-full\"><img fetchpriority=\"high\" decoding=\"async\" width=\"497\" height=\"700\" src=\"https:\/\/mobilitatechisinau.md\/wp-content\/uploads\/2026\/08\/extindre-oras.jpg\" alt=\"\" class=\"wp-image-18039\" srcset=\"https:\/\/mobilitatechisinau.md\/wp-content\/uploads\/2026\/08\/extindre-oras.jpg 497w, https:\/\/mobilitatechisinau.md\/wp-content\/uploads\/2026\/08\/extindre-oras-8x12.jpg 8w, https:\/\/mobilitatechisinau.md\/wp-content\/uploads\/2026\/08\/extindre-oras-213x300.jpg 213w\" sizes=\"(max-width: 497px) 100vw, 497px\" \/><\/figure>\n<\/div>","protected":false},"excerpt":{"rendered":"<p>Prim\u0103ria municipiului Chi\u0219in\u0103u informeaz\u0103 c\u0103 proiectul de extindere a bulevardului Mircea cel B\u0103tr\u00e2n va crea o conexiune rutier\u0103 modern\u0103 \u00eentre str. Profesor Ion Dumeniuc \u0219i str. Bucovina \u0219i va \u00eembun\u0103t\u0103\u021bi accesibilitatea \u00eentre sectoarele capitalei. Extinderea bulevardului presupune amenajarea unei artere cu \u0219ase benzi de circula\u021bie \u0219i dezvoltarea unei infrastructuri moderne pentru toate categoriile de participan\u021bi [&hellip;]<\/p>\n","protected":false},"author":1,"featured_media":18038,"comment_status":"closed","ping_status":"open","sticky":false,"template":"","format":"standard","meta":{"footnotes":""},"categories":[92],"tags":[],"class_list":["post-18037","post","type-post","status-publish","format-standard","has-post-thumbnail","hentry","category-comunicate"],"yoast_head":"<!-- This site is optimized with the Yoast SEO plugin v23.9 - https:\/\/yoast.com\/wordpress\/plugins\/seo\/ -->\n<title>Bulevardul Mircea cel B\u0103tr\u00e2n se extinde: infrastructur\u0103 rutier\u0103 \u0219i de transport public modernizat\u0103 - mobilitatechisinau.md<\/title>\n<meta name=\"robots\" content=\"index, follow, max-snippet:-1, max-image-preview:large, max-video-preview:-1\" \/>\n<link rel=\"canonical\" href=\"https:\/\/mobilitatechisinau.md\/?p=18037\" \/>\n<meta property=\"og:locale\" content=\"ro_RO\" \/>\n<meta property=\"og:type\" content=\"article\" \/>\n<meta property=\"og:title\" content=\"Bulevardul Mircea cel B\u0103tr\u00e2n se extinde: infrastructur\u0103 rutier\u0103 \u0219i de transport public modernizat\u0103 - mobilitatechisinau.md\" \/>\n<meta property=\"og:description\" content=\"Prim\u0103ria municipiului Chi\u0219in\u0103u informeaz\u0103 c\u0103 proiectul de extindere a bulevardului Mircea cel B\u0103tr\u00e2n va crea o conexiune rutier\u0103 modern\u0103 \u00eentre str. Profesor Ion Dumeniuc \u0219i str. Bucovina \u0219i va \u00eembun\u0103t\u0103\u021bi accesibilitatea \u00eentre sectoarele capitalei. Extinderea bulevardului presupune amenajarea unei artere cu \u0219ase benzi de circula\u021bie \u0219i dezvoltarea unei infrastructuri moderne pentru toate categoriile de participan\u021bi [&hellip;]\" \/>\n<meta property=\"og:url\" content=\"https:\/\/mobilitatechisinau.md\/?p=18037\" \/>\n<meta property=\"og:site_name\" content=\"mobilitatechisinau.md\" \/>\n<meta property=\"article:publisher\" content=\"https:\/\/www.facebook.com\/DGTPCC\" \/>\n<meta property=\"article:published_time\" content=\"2026-08-11T12:01:31+00:00\" \/>\n<meta property=\"article:modified_time\" content=\"2026-08-24T12:12:10+00:00\" \/>\n<meta property=\"og:image\" content=\"https:\/\/mobilitatechisinau.md\/wp-content\/uploads\/2026\/08\/extindem-orasul.jpg\" \/>\n\t<meta property=\"og:image:width\" content=\"1200\" \/>\n\t<meta property=\"og:image:height\" content=\"700\" \/>\n\t<meta property=\"og:image:type\" content=\"image\/jpeg\" \/>\n<meta name=\"author\" content=\"dgtpcc.md\" \/>\n<meta name=\"twitter:card\" content=\"summary_large_image\" \/>\n<meta name=\"twitter:label1\" content=\"Scris de\" \/>\n\t<meta name=\"twitter:data1\" content=\"dgtpcc.md\" \/>\n\t<meta name=\"twitter:label2\" content=\"Timp estimat pentru citire\" \/>\n\t<meta name=\"twitter:data2\" content=\"2 minute\" \/>\n<script type=\"application\/ld+json\" class=\"yoast-schema-graph\">{\"@context\":\"https:\/\/schema.org\",\"@graph\":[{\"@type\":\"Article\",\"@id\":\"https:\/\/mobilitatechisinau.md\/?p=18037#article\",\"isPartOf\":{\"@id\":\"https:\/\/mobilitatechisinau.md\/?p=18037\"},\"author\":{\"name\":\"dgtpcc.md\",\"@id\":\"https:\/\/mobilitatechisinau.md\/#\/schema\/person\/c25d28ff5553bea759689e10224709c7\"},\"headline\":\"Bulevardul Mircea cel B\u0103tr\u00e2n se extinde: infrastructur\u0103 rutier\u0103 \u0219i de transport public modernizat\u0103\",\"datePublished\":\"2026-08-11T12:01:31+00:00\",\"dateModified\":\"2026-08-24T12:12:10+00:00\",\"mainEntityOfPage\":{\"@id\":\"https:\/\/mobilitatechisinau.md\/?p=18037\"},\"wordCount\":315,\"publisher\":{\"@id\":\"https:\/\/mobilitatechisinau.md\/#organization\"},\"image\":{\"@id\":\"https:\/\/mobilitatechisinau.md\/?p=18037#primaryimage\"},\"thumbnailUrl\":\"https:\/\/mobilitatechisinau.md\/wp-content\/uploads\/2026\/08\/extindem-orasul.jpg\",\"articleSection\":[\"Comunicate de pres\u0103\"],\"inLanguage\":\"ro-RO\"},{\"@type\":\"WebPage\",\"@id\":\"https:\/\/mobilitatechisinau.md\/?p=18037\",\"url\":\"https:\/\/mobilitatechisinau.md\/?p=18037\",\"name\":\"Bulevardul Mircea cel B\u0103tr\u00e2n se extinde: infrastructur\u0103 rutier\u0103 \u0219i de transport public modernizat\u0103 - mobilitatechisinau.md\",\"isPartOf\":{\"@id\":\"https:\/\/mobilitatechisinau.md\/#website\"},\"primaryImageOfPage\":{\"@id\":\"https:\/\/mobilitatechisinau.md\/?p=18037#primaryimage\"},\"image\":{\"@id\":\"https:\/\/mobilitatechisinau.md\/?p=18037#primaryimage\"},\"thumbnailUrl\":\"https:\/\/mobilitatechisinau.md\/wp-content\/uploads\/2026\/08\/extindem-orasul.jpg\",\"datePublished\":\"2026-08-11T12:01:31+00:00\",\"dateModified\":\"2026-08-24T12:12:10+00:00\",\"breadcrumb\":{\"@id\":\"https:\/\/mobilitatechisinau.md\/?p=18037#breadcrumb\"},\"inLanguage\":\"ro-RO\",\"potentialAction\":[{\"@type\":\"ReadAction\",\"target\":[\"https:\/\/mobilitatechisinau.md\/?p=18037\"]}]},{\"@type\":\"ImageObject\",\"inLanguage\":\"ro-RO\",\"@id\":\"https:\/\/mobilitatechisinau.md\/?p=18037#primaryimage\",\"url\":\"https:\/\/mobilitatechisinau.md\/wp-content\/uploads\/2026\/08\/extindem-orasul.jpg\",\"contentUrl\":\"https:\/\/mobilitatechisinau.md\/wp-content\/uploads\/2026\/08\/extindem-orasul.jpg\",\"width\":1200,\"height\":700},{\"@type\":\"BreadcrumbList\",\"@id\":\"https:\/\/mobilitatechisinau.md\/?p=18037#breadcrumb\",\"itemListElement\":[{\"@type\":\"ListItem\",\"position\":1,\"name\":\"Prima pagin\u0103\",\"item\":\"https:\/\/mobilitatechisinau.md\/\"},{\"@type\":\"ListItem\",\"position\":2,\"name\":\"Bulevardul Mircea cel B\u0103tr\u00e2n se extinde: infrastructur\u0103 rutier\u0103 \u0219i de transport public modernizat\u0103\"}]},{\"@type\":\"WebSite\",\"@id\":\"https:\/\/mobilitatechisinau.md\/#website\",\"url\":\"https:\/\/mobilitatechisinau.md\/\",\"name\":\"mobilitatechisinau.md\",\"description\":\"Direc\u0163ia General\u0103 Mobilitate Urban\u0103\",\"publisher\":{\"@id\":\"https:\/\/mobilitatechisinau.md\/#organization\"},\"potentialAction\":[{\"@type\":\"SearchAction\",\"target\":{\"@type\":\"EntryPoint\",\"urlTemplate\":\"https:\/\/mobilitatechisinau.md\/?s={search_term_string}\"},\"query-input\":{\"@type\":\"PropertyValueSpecification\",\"valueRequired\":true,\"valueName\":\"search_term_string\"}}],\"inLanguage\":\"ro-RO\"},{\"@type\":\"Organization\",\"@id\":\"https:\/\/mobilitatechisinau.md\/#organization\",\"name\":\"Direc\u0163ia general\u0103 transport public \u015fi c\u0103i de comunica\u0163ie\",\"url\":\"https:\/\/mobilitatechisinau.md\/\",\"logo\":{\"@type\":\"ImageObject\",\"inLanguage\":\"ro-RO\",\"@id\":\"https:\/\/mobilitatechisinau.md\/#\/schema\/logo\/image\/\",\"url\":\"https:\/\/dgtpcc.md\/wp-content\/uploads\/2022\/05\/DGTPCC-Chis\u0326ina\u0306u-new.jpg\",\"contentUrl\":\"https:\/\/dgtpcc.md\/wp-content\/uploads\/2022\/05\/DGTPCC-Chis\u0326ina\u0306u-new.jpg\",\"width\":304,\"height\":80,\"caption\":\"Direc\u0163ia general\u0103 transport public \u015fi c\u0103i de comunica\u0163ie\"},\"image\":{\"@id\":\"https:\/\/mobilitatechisinau.md\/#\/schema\/logo\/image\/\"},\"sameAs\":[\"https:\/\/www.facebook.com\/DGTPCC\"]},{\"@type\":\"Person\",\"@id\":\"https:\/\/mobilitatechisinau.md\/#\/schema\/person\/c25d28ff5553bea759689e10224709c7\",\"name\":\"dgtpcc.md\",\"image\":{\"@type\":\"ImageObject\",\"inLanguage\":\"ro-RO\",\"@id\":\"https:\/\/mobilitatechisinau.md\/#\/schema\/person\/image\/\",\"url\":\"https:\/\/secure.gravatar.com\/avatar\/9057a81ed6aa6c63f6d0d045749b3708fa15d612e3a388d9ac7b50072146c906?s=96&d=mm&r=g\",\"contentUrl\":\"https:\/\/secure.gravatar.com\/avatar\/9057a81ed6aa6c63f6d0d045749b3708fa15d612e3a388d9ac7b50072146c906?s=96&d=mm&r=g\",\"caption\":\"dgtpcc.md\"},\"sameAs\":[\"https:\/\/dgtpcc.md\"],\"url\":\"https:\/\/mobilitatechisinau.md\/?author=1\"}]}<\/script>\n<!-- \/ Yoast SEO plugin. -->","yoast_head_json":{"title":"Bulevardul Mircea cel B\u0103tr\u00e2n se extinde: infrastructur\u0103 rutier\u0103 \u0219i de transport public modernizat\u0103 - mobilitatechisinau.md","robots":{"index":"index","follow":"follow","max-snippet":"max-snippet:-1","max-image-preview":"max-image-preview:large","max-video-preview":"max-video-preview:-1"},"canonical":"https:\/\/mobilitatechisinau.md\/?p=18037","og_locale":"ro_RO","og_type":"article","og_title":"Bulevardul Mircea cel B\u0103tr\u00e2n se extinde: infrastructur\u0103 rutier\u0103 \u0219i de transport public modernizat\u0103 - mobilitatechisinau.md","og_description":"Prim\u0103ria municipiului Chi\u0219in\u0103u informeaz\u0103 c\u0103 proiectul de extindere a bulevardului Mircea cel B\u0103tr\u00e2n va crea o conexiune rutier\u0103 modern\u0103 \u00eentre str. Profesor Ion Dumeniuc \u0219i str. Bucovina \u0219i va \u00eembun\u0103t\u0103\u021bi accesibilitatea \u00eentre sectoarele capitalei. Extinderea bulevardului presupune amenajarea unei artere cu \u0219ase benzi de circula\u021bie \u0219i dezvoltarea unei infrastructuri moderne pentru toate categoriile de participan\u021bi [&hellip;]","og_url":"https:\/\/mobilitatechisinau.md\/?p=18037","og_site_name":"mobilitatechisinau.md","article_publisher":"https:\/\/www.facebook.com\/DGTPCC","article_published_time":"2026-08-11T12:01:31+00:00","article_modified_time":"2026-08-24T12:12:10+00:00","og_image":[{"width":1200,"height":700,"url":"https:\/\/mobilitatechisinau.md\/wp-content\/uploads\/2026\/08\/extindem-orasul.jpg","type":"image\/jpeg"}],"author":"dgtpcc.md","twitter_card":"summary_large_image","twitter_misc":{"Scris de":"dgtpcc.md","Timp estimat pentru citire":"2 minute"},"schema":{"@context":"https:\/\/schema.org","@graph":[{"@type":"Article","@id":"https:\/\/mobilitatechisinau.md\/?p=18037#article","isPartOf":{"@id":"https:\/\/mobilitatechisinau.md\/?p=18037"},"author":{"name":"dgtpcc.md","@id":"https:\/\/mobilitatechisinau.md\/#\/schema\/person\/c25d28ff5553bea759689e10224709c7"},"headline":"Bulevardul Mircea cel B\u0103tr\u00e2n se extinde: infrastructur\u0103 rutier\u0103 \u0219i de transport public modernizat\u0103","datePublished":"2026-08-11T12:01:31+00:00","dateModified":"2026-08-24T12:12:10+00:00","mainEntityOfPage":{"@id":"https:\/\/mobilitatechisinau.md\/?p=18037"},"wordCount":315,"publisher":{"@id":"https:\/\/mobilitatechisinau.md\/#organization"},"image":{"@id":"https:\/\/mobilitatechisinau.md\/?p=18037#primaryimage"},"thumbnailUrl":"https:\/\/mobilitatechisinau.md\/wp-content\/uploads\/2026\/08\/extindem-orasul.jpg","articleSection":["Comunicate de pres\u0103"],"inLanguage":"ro-RO"},{"@type":"WebPage","@id":"https:\/\/mobilitatechisinau.md\/?p=18037","url":"https:\/\/mobilitatechisinau.md\/?p=18037","name":"Bulevardul Mircea cel B\u0103tr\u00e2n se extinde: infrastructur\u0103 rutier\u0103 \u0219i de transport public modernizat\u0103 - mobilitatechisinau.md","isPartOf":{"@id":"https:\/\/mobilitatechisinau.md\/#website"},"primaryImageOfPage":{"@id":"https:\/\/mobilitatechisinau.md\/?p=18037#primaryimage"},"image":{"@id":"https:\/\/mobilitatechisinau.md\/?p=18037#primaryimage"},"thumbnailUrl":"https:\/\/mobilitatechisinau.md\/wp-content\/uploads\/2026\/08\/extindem-orasul.jpg","datePublished":"2026-08-11T12:01:31+00:00","dateModified":"2026-08-24T12:12:10+00:00","breadcrumb":{"@id":"https:\/\/mobilitatechisinau.md\/?p=18037#breadcrumb"},"inLanguage":"ro-RO","potentialAction":[{"@type":"ReadAction","target":["https:\/\/mobilitatechisinau.md\/?p=18037"]}]},{"@type":"ImageObject","inLanguage":"ro-RO","@id":"https:\/\/mobilitatechisinau.md\/?p=18037#primaryimage","url":"https:\/\/mobilitatechisinau.md\/wp-content\/uploads\/2026\/08\/extindem-orasul.jpg","contentUrl":"https:\/\/mobilitatechisinau.md\/wp-content\/uploads\/2026\/08\/extindem-orasul.jpg","width":1200,"height":700},{"@type":"BreadcrumbList","@id":"https:\/\/mobilitatechisinau.md\/?p=18037#breadcrumb","itemListElement":[{"@type":"ListItem","position":1,"name":"Prima pagin\u0103","item":"https:\/\/mobilitatechisinau.md\/"},{"@type":"ListItem","position":2,"name":"Bulevardul Mircea cel B\u0103tr\u00e2n se extinde: infrastructur\u0103 rutier\u0103 \u0219i de transport public modernizat\u0103"}]},{"@type":"WebSite","@id":"https:\/\/mobilitatechisinau.md\/#website","url":"https:\/\/mobilitatechisinau.md\/","name":"mobilitatechisinau.md","description":"Direc\u0163ia General\u0103 Mobilitate Urban\u0103","publisher":{"@id":"https:\/\/mobilitatechisinau.md\/#organization"},"potentialAction":[{"@type":"SearchAction","target":{"@type":"EntryPoint","urlTemplate":"https:\/\/mobilitatechisinau.md\/?s={search_term_string}"},"query-input":{"@type":"PropertyValueSpecification","valueRequired":true,"valueName":"search_term_string"}}],"inLanguage":"ro-RO"},{"@type":"Organization","@id":"https:\/\/mobilitatechisinau.md\/#organization","name":"Direc\u0163ia general\u0103 transport public \u015fi c\u0103i de comunica\u0163ie","url":"https:\/\/mobilitatechisinau.md\/","logo":{"@type":"ImageObject","inLanguage":"ro-RO","@id":"https:\/\/mobilitatechisinau.md\/#\/schema\/logo\/image\/","url":"https:\/\/dgtpcc.md\/wp-content\/uploads\/2022\/05\/DGTPCC-Chis\u0326ina\u0306u-new.jpg","contentUrl":"https:\/\/dgtpcc.md\/wp-content\/uploads\/2022\/05\/DGTPCC-Chis\u0326ina\u0306u-new.jpg","width":304,"height":80,"caption":"Direc\u0163ia general\u0103 transport public \u015fi c\u0103i de comunica\u0163ie"},"image":{"@id":"https:\/\/mobilitatechisinau.md\/#\/schema\/logo\/image\/"},"sameAs":["https:\/\/www.facebook.com\/DGTPCC"]},{"@type":"Person","@id":"https:\/\/mobilitatechisinau.md\/#\/schema\/person\/c25d28ff5553bea759689e10224709c7","name":"dgtpcc.md","image":{"@type":"ImageObject","inLanguage":"ro-RO","@id":"https:\/\/mobilitatechisinau.md\/#\/schema\/person\/image\/","url":"https:\/\/secure.gravatar.com\/avatar\/9057a81ed6aa6c63f6d0d045749b3708fa15d612e3a388d9ac7b50072146c906?s=96&d=mm&r=g","contentUrl":"https:\/\/secure.gravatar.com\/avatar\/9057a81ed6aa6c63f6d0d045749b3708fa15d612e3a388d9ac7b50072146c906?s=96&d=mm&r=g","caption":"dgtpcc.md"},"sameAs":["https:\/\/dgtpcc.md"],"url":"https:\/\/mobilitatechisinau.md\/?author=1"}]}},"_links":{"self":[{"href":"https:\/\/mobilitatechisinau.md\/index.php?rest_route=\/wp\/v2\/posts\/18037","targetHints":{"allow":["GET"]}}],"collection":[{"href":"https:\/\/mobilitatechisinau.md\/index.php?rest_route=\/wp\/v2\/posts"}],"about":[{"href":"https:\/\/mobilitatechisinau.md\/index.php?rest_route=\/wp\/v2\/types\/post"}],"author":[{"embeddable":true,"href":"https:\/\/mobilitatechisinau.md\/index.php?rest_route=\/wp\/v2\/users\/1"}],"replies":[{"embeddable":true,"href":"https:\/\/mobilitatechisinau.md\/index.php?rest_route=%2Fwp%2Fv2%2Fcomments&post=18037"}],"version-history":[{"count":1,"href":"https:\/\/mobilitatechisinau.md\/index.php?rest_route=\/wp\/v2\/posts\/18037\/revisions"}],"predecessor-version":[{"id":18040,"href":"https:\/\/mobilitatechisinau.md\/index.php?rest_route=\/wp\/v2\/posts\/18037\/revisions\/18040"}],"wp:featuredmedia":[{"embeddable":true,"href":"https:\/\/mobilitatechisinau.md\/index.php?rest_route=\/wp\/v2\/media\/18038"}],"wp:attachment":[{"href":"https:\/\/mobilitatechisinau.md\/index.php?rest_route=%2Fwp%2Fv2%2Fmedia&parent=18037"}],"wp:term":[{"taxonomy":"category","embeddable":true,"href":"https:\/\/mobilitatechisinau.md\/index.php?rest_route=%2Fwp%2Fv2%2Fcategories&post=18037"},{"taxonomy":"post_tag","embeddable":true,"href":"https:\/\/mobilitatechisinau.md\/index.php?rest_route=%2Fwp%2Fv2%2Ftags&post=18037"}],"curies":[{"name":"wp","href":"https:\/\/api.w.org\/{rel}","templated":true}]}}