{"id":18041,"date":"2026-08-12T14:04:27","date_gmt":"2026-08-12T12:04:27","guid":{"rendered":"https:\/\/mobilitatechisinau.md\/?p=18041"},"modified":"2026-08-24T14:11:22","modified_gmt":"2026-08-24T12:11:22","slug":"lucrari-de-modernizare-a-sistemului-pluvial-pe-soseaua-muncesti","status":"publish","type":"post","link":"https:\/\/mobilitatechisinau.md\/?p=18041","title":{"rendered":"Lucr\u0103ri de modernizare a sistemului pluvial pe \u0219oseaua Munce\u0219ti"},"content":{"rendered":"\n<p class=\"wp-block-paragraph\">Pe \u0219oseaua Munce\u0219ti sunt desf\u0103\u0219urate lucr\u0103ri de interven\u021bie la sistemul de drenaj, cu scopul de a \u00eembun\u0103t\u0103\u021bi evacuarea apelor pluviale \u0219i de a reduce riscul acumul\u0103rilor de ap\u0103 \u00een perioadele cu precipita\u021bii abundente.<\/p>\n\n\n\n<p class=\"wp-block-paragraph\">\u00cen cadrul lucr\u0103rilor, canalele pluviale existente sunt cur\u0103\u021bate \u0219i ad\u00e2ncite, iar n\u0103molul acumulat este evacuat. \u00cen paralel, re\u021beaua \u0219i podi\u0219urile sunt sp\u0103late cu ajutorul unui sistem hidraulic de \u00eenalt\u0103 presiune, pentru restabilirea capacit\u0103\u021bii de preluare \u0219i evacuare a apelor.<\/p>\n\n\n\n<p class=\"wp-block-paragraph\">Interven\u021biile sunt necesare \u00een condi\u021biile \u00een care aceste canale nu au beneficiat de lucr\u0103ri de cur\u0103\u021bare \u0219i \u00eentre\u021binere de mai mul\u021bi ani. Pentru sporirea capacit\u0103\u021bii de evacuare a apelor \u00een zona cu risc sporit de inundare, proiectul prevede \u0219i montarea unei conducte suplimentare.<\/p>\n\n\n\n<p class=\"wp-block-paragraph\">Lucr\u0103rile la sistemul pluvial sunt executate \u00een cadrul proiectului de reabilitare a \u0219oselei Munce\u0219ti \u0219i se desf\u0103\u0219oar\u0103 \u00een paralel cu interven\u021biile asupra carosabilului \u0219i acostamentelor.<\/p>\n\n\n\n<p class=\"wp-block-paragraph\">Pe tronsonul cuprins \u00eentre zona Arca Moldovei \u0219i str. B\u0103cioii Noi, stratul vechi de asfalt a fost frezat, iar \u00een etapa urm\u0103toare urmeaz\u0103 a fi a\u0219ternute straturile noi de asfalt. Totodat\u0103, pe un alt tronson al \u0219oselei Munce\u0219ti, carosabilul a fost reabilitat recent prin metoda Slurry Seal, solu\u021bie utilizat\u0103 pentru protejarea suprafe\u021bei drumului \u0219i prelungirea duratei de exploatare a acesteia.<\/p>\n\n\n\n<p class=\"wp-block-paragraph\">Prin interven\u021biile realizate se urm\u0103re\u0219te at\u00e2t \u00eembun\u0103t\u0103\u021birea condi\u021biilor de circula\u021bie, c\u00e2t \u0219i crearea unei infrastructuri rutiere mai func\u021bionale \u0219i rezistente, cu un sistem de evacuare a apelor pluviale adaptat necesit\u0103\u021bilor zonei.<\/p>\n\n\n\n<figure class=\"wp-block-gallery has-nested-images columns-default is-cropped wp-block-gallery-1 is-layout-flex wp-block-gallery-is-layout-flex\">\n<figure class=\"wp-block-image size-full\"><img fetchpriority=\"high\" decoding=\"async\" width=\"525\" height=\"700\" data-id=\"18042\" src=\"https:\/\/mobilitatechisinau.md\/wp-content\/uploads\/2026\/08\/1-4.jpg\" alt=\"\" class=\"wp-image-18042\" srcset=\"https:\/\/mobilitatechisinau.md\/wp-content\/uploads\/2026\/08\/1-4.jpg 525w, https:\/\/mobilitatechisinau.md\/wp-content\/uploads\/2026\/08\/1-4-225x300.jpg 225w, https:\/\/mobilitatechisinau.md\/wp-content\/uploads\/2026\/08\/1-4-9x12.jpg 9w\" sizes=\"(max-width: 525px) 100vw, 525px\" \/><\/figure>\n\n\n\n<figure class=\"wp-block-image size-large\"><img decoding=\"async\" width=\"525\" height=\"700\" data-id=\"18043\" src=\"https:\/\/mobilitatechisinau.md\/wp-content\/uploads\/2026\/08\/3-7.jpg\" alt=\"\" class=\"wp-image-18043\" srcset=\"https:\/\/mobilitatechisinau.md\/wp-content\/uploads\/2026\/08\/3-7.jpg 525w, https:\/\/mobilitatechisinau.md\/wp-content\/uploads\/2026\/08\/3-7-9x12.jpg 9w, https:\/\/mobilitatechisinau.md\/wp-content\/uploads\/2026\/08\/3-7-225x300.jpg 225w\" sizes=\"(max-width: 525px) 100vw, 525px\" \/><\/figure>\n\n\n\n<figure class=\"wp-block-image size-full\"><img decoding=\"async\" width=\"525\" height=\"700\" data-id=\"18044\" src=\"https:\/\/mobilitatechisinau.md\/wp-content\/uploads\/2026\/08\/4-7.jpg\" alt=\"\" class=\"wp-image-18044\" srcset=\"https:\/\/mobilitatechisinau.md\/wp-content\/uploads\/2026\/08\/4-7.jpg 525w, https:\/\/mobilitatechisinau.md\/wp-content\/uploads\/2026\/08\/4-7-9x12.jpg 9w, https:\/\/mobilitatechisinau.md\/wp-content\/uploads\/2026\/08\/4-7-225x300.jpg 225w\" sizes=\"(max-width: 525px) 100vw, 525px\" \/><\/figure>\n\n\n\n<figure class=\"wp-block-image size-full\"><img loading=\"lazy\" decoding=\"async\" width=\"525\" height=\"700\" data-id=\"18046\" src=\"https:\/\/mobilitatechisinau.md\/wp-content\/uploads\/2026\/08\/5-7.jpg\" alt=\"\" class=\"wp-image-18046\" srcset=\"https:\/\/mobilitatechisinau.md\/wp-content\/uploads\/2026\/08\/5-7.jpg 525w, https:\/\/mobilitatechisinau.md\/wp-content\/uploads\/2026\/08\/5-7-225x300.jpg 225w, https:\/\/mobilitatechisinau.md\/wp-content\/uploads\/2026\/08\/5-7-9x12.jpg 9w\" sizes=\"(max-width: 525px) 100vw, 525px\" \/><\/figure>\n\n\n\n<figure class=\"wp-block-image size-full\"><img loading=\"lazy\" decoding=\"async\" width=\"525\" height=\"700\" data-id=\"18045\" src=\"https:\/\/mobilitatechisinau.md\/wp-content\/uploads\/2026\/08\/6-4.jpg\" alt=\"\" class=\"wp-image-18045\" srcset=\"https:\/\/mobilitatechisinau.md\/wp-content\/uploads\/2026\/08\/6-4.jpg 525w, https:\/\/mobilitatechisinau.md\/wp-content\/uploads\/2026\/08\/6-4-225x300.jpg 225w, https:\/\/mobilitatechisinau.md\/wp-content\/uploads\/2026\/08\/6-4-9x12.jpg 9w\" sizes=\"(max-width: 525px) 100vw, 525px\" \/><\/figure>\n\n\n\n<figure class=\"wp-block-image size-full\"><img loading=\"lazy\" decoding=\"async\" width=\"525\" height=\"700\" data-id=\"18047\" src=\"https:\/\/mobilitatechisinau.md\/wp-content\/uploads\/2026\/08\/7-4.jpg\" alt=\"\" class=\"wp-image-18047\" srcset=\"https:\/\/mobilitatechisinau.md\/wp-content\/uploads\/2026\/08\/7-4.jpg 525w, https:\/\/mobilitatechisinau.md\/wp-content\/uploads\/2026\/08\/7-4-9x12.jpg 9w, https:\/\/mobilitatechisinau.md\/wp-content\/uploads\/2026\/08\/7-4-225x300.jpg 225w\" sizes=\"(max-width: 525px) 100vw, 525px\" \/><\/figure>\n<\/figure>\n","protected":false},"excerpt":{"rendered":"<p>Pe \u0219oseaua Munce\u0219ti sunt desf\u0103\u0219urate lucr\u0103ri de interven\u021bie la sistemul de drenaj, cu scopul de a \u00eembun\u0103t\u0103\u021bi evacuarea apelor pluviale \u0219i de a reduce riscul acumul\u0103rilor de ap\u0103 \u00een perioadele cu precipita\u021bii abundente. \u00cen cadrul lucr\u0103rilor, canalele pluviale existente sunt cur\u0103\u021bate \u0219i ad\u00e2ncite, iar n\u0103molul acumulat este evacuat. \u00cen paralel, re\u021beaua \u0219i podi\u0219urile sunt sp\u0103late [&hellip;]<\/p>\n","protected":false},"author":1,"featured_media":18048,"comment_status":"closed","ping_status":"open","sticky":false,"template":"","format":"standard","meta":{"footnotes":""},"categories":[92],"tags":[],"class_list":["post-18041","post","type-post","status-publish","format-standard","has-post-thumbnail","hentry","category-comunicate"],"yoast_head":"<!-- This site is optimized with the Yoast SEO plugin v23.9 - https:\/\/yoast.com\/wordpress\/plugins\/seo\/ -->\n<title>Lucr\u0103ri de modernizare a sistemului pluvial pe \u0219oseaua Munce\u0219ti - mobilitatechisinau.md<\/title>\n<meta name=\"robots\" content=\"index, follow, max-snippet:-1, max-image-preview:large, max-video-preview:-1\" \/>\n<link rel=\"canonical\" href=\"https:\/\/mobilitatechisinau.md\/?p=18041\" \/>\n<meta property=\"og:locale\" content=\"ro_RO\" \/>\n<meta property=\"og:type\" content=\"article\" \/>\n<meta property=\"og:title\" content=\"Lucr\u0103ri de modernizare a sistemului pluvial pe \u0219oseaua Munce\u0219ti - mobilitatechisinau.md\" \/>\n<meta property=\"og:description\" content=\"Pe \u0219oseaua Munce\u0219ti sunt desf\u0103\u0219urate lucr\u0103ri de interven\u021bie la sistemul de drenaj, cu scopul de a \u00eembun\u0103t\u0103\u021bi evacuarea apelor pluviale \u0219i de a reduce riscul acumul\u0103rilor de ap\u0103 \u00een perioadele cu precipita\u021bii abundente. \u00cen cadrul lucr\u0103rilor, canalele pluviale existente sunt cur\u0103\u021bate \u0219i ad\u00e2ncite, iar n\u0103molul acumulat este evacuat. \u00cen paralel, re\u021beaua \u0219i podi\u0219urile sunt sp\u0103late [&hellip;]\" \/>\n<meta property=\"og:url\" content=\"https:\/\/mobilitatechisinau.md\/?p=18041\" \/>\n<meta property=\"og:site_name\" content=\"mobilitatechisinau.md\" \/>\n<meta property=\"article:publisher\" content=\"https:\/\/www.facebook.com\/DGTPCC\" \/>\n<meta property=\"article:published_time\" content=\"2026-08-12T12:04:27+00:00\" \/>\n<meta property=\"article:modified_time\" content=\"2026-08-24T12:11:22+00:00\" \/>\n<meta property=\"og:image\" content=\"https:\/\/mobilitatechisinau.md\/wp-content\/uploads\/2026\/08\/12-august.jpg\" \/>\n\t<meta property=\"og:image:width\" content=\"1200\" \/>\n\t<meta property=\"og:image:height\" content=\"700\" \/>\n\t<meta property=\"og:image:type\" content=\"image\/jpeg\" \/>\n<meta name=\"author\" content=\"dgtpcc.md\" \/>\n<meta name=\"twitter:card\" content=\"summary_large_image\" \/>\n<meta name=\"twitter:label1\" content=\"Scris de\" \/>\n\t<meta name=\"twitter:data1\" content=\"dgtpcc.md\" \/>\n\t<meta name=\"twitter:label2\" content=\"Timp estimat pentru citire\" \/>\n\t<meta name=\"twitter:data2\" content=\"3 minute\" \/>\n<script type=\"application\/ld+json\" class=\"yoast-schema-graph\">{\"@context\":\"https:\/\/schema.org\",\"@graph\":[{\"@type\":\"Article\",\"@id\":\"https:\/\/mobilitatechisinau.md\/?p=18041#article\",\"isPartOf\":{\"@id\":\"https:\/\/mobilitatechisinau.md\/?p=18041\"},\"author\":{\"name\":\"dgtpcc.md\",\"@id\":\"https:\/\/mobilitatechisinau.md\/#\/schema\/person\/c25d28ff5553bea759689e10224709c7\"},\"headline\":\"Lucr\u0103ri de modernizare a sistemului pluvial pe \u0219oseaua Munce\u0219ti\",\"datePublished\":\"2026-08-12T12:04:27+00:00\",\"dateModified\":\"2026-08-24T12:11:22+00:00\",\"mainEntityOfPage\":{\"@id\":\"https:\/\/mobilitatechisinau.md\/?p=18041\"},\"wordCount\":286,\"publisher\":{\"@id\":\"https:\/\/mobilitatechisinau.md\/#organization\"},\"image\":{\"@id\":\"https:\/\/mobilitatechisinau.md\/?p=18041#primaryimage\"},\"thumbnailUrl\":\"https:\/\/mobilitatechisinau.md\/wp-content\/uploads\/2026\/08\/12-august.jpg\",\"articleSection\":[\"Comunicate de pres\u0103\"],\"inLanguage\":\"ro-RO\"},{\"@type\":\"WebPage\",\"@id\":\"https:\/\/mobilitatechisinau.md\/?p=18041\",\"url\":\"https:\/\/mobilitatechisinau.md\/?p=18041\",\"name\":\"Lucr\u0103ri de modernizare a sistemului pluvial pe \u0219oseaua Munce\u0219ti - mobilitatechisinau.md\",\"isPartOf\":{\"@id\":\"https:\/\/mobilitatechisinau.md\/#website\"},\"primaryImageOfPage\":{\"@id\":\"https:\/\/mobilitatechisinau.md\/?p=18041#primaryimage\"},\"image\":{\"@id\":\"https:\/\/mobilitatechisinau.md\/?p=18041#primaryimage\"},\"thumbnailUrl\":\"https:\/\/mobilitatechisinau.md\/wp-content\/uploads\/2026\/08\/12-august.jpg\",\"datePublished\":\"2026-08-12T12:04:27+00:00\",\"dateModified\":\"2026-08-24T12:11:22+00:00\",\"breadcrumb\":{\"@id\":\"https:\/\/mobilitatechisinau.md\/?p=18041#breadcrumb\"},\"inLanguage\":\"ro-RO\",\"potentialAction\":[{\"@type\":\"ReadAction\",\"target\":[\"https:\/\/mobilitatechisinau.md\/?p=18041\"]}]},{\"@type\":\"ImageObject\",\"inLanguage\":\"ro-RO\",\"@id\":\"https:\/\/mobilitatechisinau.md\/?p=18041#primaryimage\",\"url\":\"https:\/\/mobilitatechisinau.md\/wp-content\/uploads\/2026\/08\/12-august.jpg\",\"contentUrl\":\"https:\/\/mobilitatechisinau.md\/wp-content\/uploads\/2026\/08\/12-august.jpg\",\"width\":1200,\"height\":700},{\"@type\":\"BreadcrumbList\",\"@id\":\"https:\/\/mobilitatechisinau.md\/?p=18041#breadcrumb\",\"itemListElement\":[{\"@type\":\"ListItem\",\"position\":1,\"name\":\"Prima pagin\u0103\",\"item\":\"https:\/\/mobilitatechisinau.md\/\"},{\"@type\":\"ListItem\",\"position\":2,\"name\":\"Lucr\u0103ri de modernizare a sistemului pluvial pe \u0219oseaua Munce\u0219ti\"}]},{\"@type\":\"WebSite\",\"@id\":\"https:\/\/mobilitatechisinau.md\/#website\",\"url\":\"https:\/\/mobilitatechisinau.md\/\",\"name\":\"mobilitatechisinau.md\",\"description\":\"Direc\u0163ia General\u0103 Mobilitate Urban\u0103\",\"publisher\":{\"@id\":\"https:\/\/mobilitatechisinau.md\/#organization\"},\"potentialAction\":[{\"@type\":\"SearchAction\",\"target\":{\"@type\":\"EntryPoint\",\"urlTemplate\":\"https:\/\/mobilitatechisinau.md\/?s={search_term_string}\"},\"query-input\":{\"@type\":\"PropertyValueSpecification\",\"valueRequired\":true,\"valueName\":\"search_term_string\"}}],\"inLanguage\":\"ro-RO\"},{\"@type\":\"Organization\",\"@id\":\"https:\/\/mobilitatechisinau.md\/#organization\",\"name\":\"Direc\u0163ia general\u0103 transport public \u015fi c\u0103i de comunica\u0163ie\",\"url\":\"https:\/\/mobilitatechisinau.md\/\",\"logo\":{\"@type\":\"ImageObject\",\"inLanguage\":\"ro-RO\",\"@id\":\"https:\/\/mobilitatechisinau.md\/#\/schema\/logo\/image\/\",\"url\":\"https:\/\/dgtpcc.md\/wp-content\/uploads\/2022\/05\/DGTPCC-Chis\u0326ina\u0306u-new.jpg\",\"contentUrl\":\"https:\/\/dgtpcc.md\/wp-content\/uploads\/2022\/05\/DGTPCC-Chis\u0326ina\u0306u-new.jpg\",\"width\":304,\"height\":80,\"caption\":\"Direc\u0163ia general\u0103 transport public \u015fi c\u0103i de comunica\u0163ie\"},\"image\":{\"@id\":\"https:\/\/mobilitatechisinau.md\/#\/schema\/logo\/image\/\"},\"sameAs\":[\"https:\/\/www.facebook.com\/DGTPCC\"]},{\"@type\":\"Person\",\"@id\":\"https:\/\/mobilitatechisinau.md\/#\/schema\/person\/c25d28ff5553bea759689e10224709c7\",\"name\":\"dgtpcc.md\",\"image\":{\"@type\":\"ImageObject\",\"inLanguage\":\"ro-RO\",\"@id\":\"https:\/\/mobilitatechisinau.md\/#\/schema\/person\/image\/\",\"url\":\"https:\/\/secure.gravatar.com\/avatar\/9057a81ed6aa6c63f6d0d045749b3708fa15d612e3a388d9ac7b50072146c906?s=96&d=mm&r=g\",\"contentUrl\":\"https:\/\/secure.gravatar.com\/avatar\/9057a81ed6aa6c63f6d0d045749b3708fa15d612e3a388d9ac7b50072146c906?s=96&d=mm&r=g\",\"caption\":\"dgtpcc.md\"},\"sameAs\":[\"https:\/\/dgtpcc.md\"],\"url\":\"https:\/\/mobilitatechisinau.md\/?author=1\"}]}<\/script>\n<!-- \/ Yoast SEO plugin. -->","yoast_head_json":{"title":"Lucr\u0103ri de modernizare a sistemului pluvial pe \u0219oseaua Munce\u0219ti - mobilitatechisinau.md","robots":{"index":"index","follow":"follow","max-snippet":"max-snippet:-1","max-image-preview":"max-image-preview:large","max-video-preview":"max-video-preview:-1"},"canonical":"https:\/\/mobilitatechisinau.md\/?p=18041","og_locale":"ro_RO","og_type":"article","og_title":"Lucr\u0103ri de modernizare a sistemului pluvial pe \u0219oseaua Munce\u0219ti - mobilitatechisinau.md","og_description":"Pe \u0219oseaua Munce\u0219ti sunt desf\u0103\u0219urate lucr\u0103ri de interven\u021bie la sistemul de drenaj, cu scopul de a \u00eembun\u0103t\u0103\u021bi evacuarea apelor pluviale \u0219i de a reduce riscul acumul\u0103rilor de ap\u0103 \u00een perioadele cu precipita\u021bii abundente. \u00cen cadrul lucr\u0103rilor, canalele pluviale existente sunt cur\u0103\u021bate \u0219i ad\u00e2ncite, iar n\u0103molul acumulat este evacuat. \u00cen paralel, re\u021beaua \u0219i podi\u0219urile sunt sp\u0103late [&hellip;]","og_url":"https:\/\/mobilitatechisinau.md\/?p=18041","og_site_name":"mobilitatechisinau.md","article_publisher":"https:\/\/www.facebook.com\/DGTPCC","article_published_time":"2026-08-12T12:04:27+00:00","article_modified_time":"2026-08-24T12:11:22+00:00","og_image":[{"width":1200,"height":700,"url":"https:\/\/mobilitatechisinau.md\/wp-content\/uploads\/2026\/08\/12-august.jpg","type":"image\/jpeg"}],"author":"dgtpcc.md","twitter_card":"summary_large_image","twitter_misc":{"Scris de":"dgtpcc.md","Timp estimat pentru citire":"3 minute"},"schema":{"@context":"https:\/\/schema.org","@graph":[{"@type":"Article","@id":"https:\/\/mobilitatechisinau.md\/?p=18041#article","isPartOf":{"@id":"https:\/\/mobilitatechisinau.md\/?p=18041"},"author":{"name":"dgtpcc.md","@id":"https:\/\/mobilitatechisinau.md\/#\/schema\/person\/c25d28ff5553bea759689e10224709c7"},"headline":"Lucr\u0103ri de modernizare a sistemului pluvial pe \u0219oseaua Munce\u0219ti","datePublished":"2026-08-12T12:04:27+00:00","dateModified":"2026-08-24T12:11:22+00:00","mainEntityOfPage":{"@id":"https:\/\/mobilitatechisinau.md\/?p=18041"},"wordCount":286,"publisher":{"@id":"https:\/\/mobilitatechisinau.md\/#organization"},"image":{"@id":"https:\/\/mobilitatechisinau.md\/?p=18041#primaryimage"},"thumbnailUrl":"https:\/\/mobilitatechisinau.md\/wp-content\/uploads\/2026\/08\/12-august.jpg","articleSection":["Comunicate de pres\u0103"],"inLanguage":"ro-RO"},{"@type":"WebPage","@id":"https:\/\/mobilitatechisinau.md\/?p=18041","url":"https:\/\/mobilitatechisinau.md\/?p=18041","name":"Lucr\u0103ri de modernizare a sistemului pluvial pe \u0219oseaua Munce\u0219ti - mobilitatechisinau.md","isPartOf":{"@id":"https:\/\/mobilitatechisinau.md\/#website"},"primaryImageOfPage":{"@id":"https:\/\/mobilitatechisinau.md\/?p=18041#primaryimage"},"image":{"@id":"https:\/\/mobilitatechisinau.md\/?p=18041#primaryimage"},"thumbnailUrl":"https:\/\/mobilitatechisinau.md\/wp-content\/uploads\/2026\/08\/12-august.jpg","datePublished":"2026-08-12T12:04:27+00:00","dateModified":"2026-08-24T12:11:22+00:00","breadcrumb":{"@id":"https:\/\/mobilitatechisinau.md\/?p=18041#breadcrumb"},"inLanguage":"ro-RO","potentialAction":[{"@type":"ReadAction","target":["https:\/\/mobilitatechisinau.md\/?p=18041"]}]},{"@type":"ImageObject","inLanguage":"ro-RO","@id":"https:\/\/mobilitatechisinau.md\/?p=18041#primaryimage","url":"https:\/\/mobilitatechisinau.md\/wp-content\/uploads\/2026\/08\/12-august.jpg","contentUrl":"https:\/\/mobilitatechisinau.md\/wp-content\/uploads\/2026\/08\/12-august.jpg","width":1200,"height":700},{"@type":"BreadcrumbList","@id":"https:\/\/mobilitatechisinau.md\/?p=18041#breadcrumb","itemListElement":[{"@type":"ListItem","position":1,"name":"Prima pagin\u0103","item":"https:\/\/mobilitatechisinau.md\/"},{"@type":"ListItem","position":2,"name":"Lucr\u0103ri de modernizare a sistemului pluvial pe \u0219oseaua Munce\u0219ti"}]},{"@type":"WebSite","@id":"https:\/\/mobilitatechisinau.md\/#website","url":"https:\/\/mobilitatechisinau.md\/","name":"mobilitatechisinau.md","description":"Direc\u0163ia General\u0103 Mobilitate Urban\u0103","publisher":{"@id":"https:\/\/mobilitatechisinau.md\/#organization"},"potentialAction":[{"@type":"SearchAction","target":{"@type":"EntryPoint","urlTemplate":"https:\/\/mobilitatechisinau.md\/?s={search_term_string}"},"query-input":{"@type":"PropertyValueSpecification","valueRequired":true,"valueName":"search_term_string"}}],"inLanguage":"ro-RO"},{"@type":"Organization","@id":"https:\/\/mobilitatechisinau.md\/#organization","name":"Direc\u0163ia general\u0103 transport public \u015fi c\u0103i de comunica\u0163ie","url":"https:\/\/mobilitatechisinau.md\/","logo":{"@type":"ImageObject","inLanguage":"ro-RO","@id":"https:\/\/mobilitatechisinau.md\/#\/schema\/logo\/image\/","url":"https:\/\/dgtpcc.md\/wp-content\/uploads\/2022\/05\/DGTPCC-Chis\u0326ina\u0306u-new.jpg","contentUrl":"https:\/\/dgtpcc.md\/wp-content\/uploads\/2022\/05\/DGTPCC-Chis\u0326ina\u0306u-new.jpg","width":304,"height":80,"caption":"Direc\u0163ia general\u0103 transport public \u015fi c\u0103i de comunica\u0163ie"},"image":{"@id":"https:\/\/mobilitatechisinau.md\/#\/schema\/logo\/image\/"},"sameAs":["https:\/\/www.facebook.com\/DGTPCC"]},{"@type":"Person","@id":"https:\/\/mobilitatechisinau.md\/#\/schema\/person\/c25d28ff5553bea759689e10224709c7","name":"dgtpcc.md","image":{"@type":"ImageObject","inLanguage":"ro-RO","@id":"https:\/\/mobilitatechisinau.md\/#\/schema\/person\/image\/","url":"https:\/\/secure.gravatar.com\/avatar\/9057a81ed6aa6c63f6d0d045749b3708fa15d612e3a388d9ac7b50072146c906?s=96&d=mm&r=g","contentUrl":"https:\/\/secure.gravatar.com\/avatar\/9057a81ed6aa6c63f6d0d045749b3708fa15d612e3a388d9ac7b50072146c906?s=96&d=mm&r=g","caption":"dgtpcc.md"},"sameAs":["https:\/\/dgtpcc.md"],"url":"https:\/\/mobilitatechisinau.md\/?author=1"}]}},"_links":{"self":[{"href":"https:\/\/mobilitatechisinau.md\/index.php?rest_route=\/wp\/v2\/posts\/18041","targetHints":{"allow":["GET"]}}],"collection":[{"href":"https:\/\/mobilitatechisinau.md\/index.php?rest_route=\/wp\/v2\/posts"}],"about":[{"href":"https:\/\/mobilitatechisinau.md\/index.php?rest_route=\/wp\/v2\/types\/post"}],"author":[{"embeddable":true,"href":"https:\/\/mobilitatechisinau.md\/index.php?rest_route=\/wp\/v2\/users\/1"}],"replies":[{"embeddable":true,"href":"https:\/\/mobilitatechisinau.md\/index.php?rest_route=%2Fwp%2Fv2%2Fcomments&post=18041"}],"version-history":[{"count":1,"href":"https:\/\/mobilitatechisinau.md\/index.php?rest_route=\/wp\/v2\/posts\/18041\/revisions"}],"predecessor-version":[{"id":18049,"href":"https:\/\/mobilitatechisinau.md\/index.php?rest_route=\/wp\/v2\/posts\/18041\/revisions\/18049"}],"wp:featuredmedia":[{"embeddable":true,"href":"https:\/\/mobilitatechisinau.md\/index.php?rest_route=\/wp\/v2\/media\/18048"}],"wp:attachment":[{"href":"https:\/\/mobilitatechisinau.md\/index.php?rest_route=%2Fwp%2Fv2%2Fmedia&parent=18041"}],"wp:term":[{"taxonomy":"category","embeddable":true,"href":"https:\/\/mobilitatechisinau.md\/index.php?rest_route=%2Fwp%2Fv2%2Fcategories&post=18041"},{"taxonomy":"post_tag","embeddable":true,"href":"https:\/\/mobilitatechisinau.md\/index.php?rest_route=%2Fwp%2Fv2%2Ftags&post=18041"}],"curies":[{"name":"wp","href":"https:\/\/api.w.org\/{rel}","templated":true}]}}