{"id":18050,"date":"2026-08-15T14:13:13","date_gmt":"2026-08-15T12:13:13","guid":{"rendered":"https:\/\/mobilitatechisinau.md\/?p=18050"},"modified":"2026-08-24T14:22:44","modified_gmt":"2026-08-24T12:22:44","slug":"trei-artere-importante-din-centrul-capitalei-reabilitate-prin-proiectul-chisinau-drumuri-urbane","status":"publish","type":"post","link":"https:\/\/mobilitatechisinau.md\/?p=18050","title":{"rendered":"Trei artere importante din centrul capitalei, reabilitate prin proiectul \u201eChi\u0219in\u0103u \u2013 Drumuri Urbane\u201d"},"content":{"rendered":"\n<p class=\"wp-block-paragraph\">Str\u0103zile 31 August 1989, Alexandru cel Bun \u0219i Tighina au fost reabilitate \u00een cadrul proiectului \u201eChi\u0219in\u0103u \u2013 Drumuri Urbane\u201d, prin lucr\u0103ri complexe de modernizare a infrastructurii rutiere \u0219i pietonale.<\/p>\n\n\n\n<p class=\"wp-block-paragraph\">Interven\u021biile au vizat reconstruc\u021bia sistemului rutier, de la funda\u021bia drumului p\u00e2n\u0103 la aplicarea unui nou \u00eenveli\u0219 asfaltic pe \u00eentreaga suprafa\u021b\u0103 carosabil\u0103. Totodat\u0103, au fost reabilitate trotuarele, modernizat integral sistemul de iluminat stradal, re\u021belele inginere\u0219ti \u0219i amenajate locuri de parcare.<\/p>\n\n\n\n<p class=\"wp-block-paragraph\">Un element distinct al lucr\u0103rilor realizate pe strada 31 August 1989 este transformarea acesteia \u00eentr-un \u201ecoridor verde\u201d, prin amenajarea infrastructurii pentru bicicli\u0219ti, inclusiv a pistelor pentru biciclete cu circula\u021bie \u00een ambele sensuri.<\/p>\n\n\n\n<p class=\"wp-block-paragraph\">Reabilitarea celor trei artere a contribuit la \u00eembun\u0103t\u0103\u021birea condi\u021biilor de circula\u021bie \u0219i a accesibilit\u0103\u021bii \u00een zona central\u0103 a capitalei, precum \u0219i la modernizarea spa\u021biului public adiacent.<\/p>\n\n\n\n<p class=\"wp-block-paragraph\">Lucr\u0103rile au fost realizate \u00een cadrul pachetului II al proiectului \u201eChi\u0219in\u0103u \u2013 Drumuri Urbane\u201d, finan\u021bat de Banca European\u0103 pentru Reconstruc\u021bie \u0219i Dezvoltare, Banca European\u0103 de Investi\u021bii \u0219i Fondul Special de Energie Verde al BERD.<\/p>\n\n\n\n<p class=\"wp-block-paragraph\">\u00cen prezent, interven\u021biile de modernizare continu\u0103 pe strada 31 August 1989, \u00een zona cu caldar\u00e2m cuprins\u0103 \u00eentre str. Alexandru Pu\u0219kin \u0219i str. Mitropolit Gavriil B\u0103nulescu-Bodoni. Lucr\u0103rile din aceast\u0103 zon\u0103 urm\u0103resc valorificarea caracterului istoric al str\u0103zii \u0219i amenajarea unui spa\u021biu urban modern \u0219i accesibil pentru pietoni.<\/p>\n\n\n\n<p class=\"wp-block-paragraph\">Dezvoltarea infrastructurii municipale continu\u0103 \u0219i prin proiecte noi. Prim\u0103ria Municipiului Chi\u0219in\u0103u implementeaz\u0103 \u00een prezent un proiect amplu de modernizare a trei artere importante ale ora\u0219ului: bulevardul Mircea cel B\u0103tr\u00e2n, strada Mesager \u0219i strada Industrial\u0103.<\/p>\n\n\n\n<p class=\"wp-block-paragraph\">Prin aceste investi\u021bii, municipalitatea urm\u0103re\u0219te dezvoltarea unei infrastructuri urbane moderne, sigure \u0219i adaptate necesit\u0103\u021bilor actuale de mobilitate ale capitalei.<\/p>\n\n\n\n<figure class=\"wp-block-image size-full\"><img fetchpriority=\"high\" decoding=\"async\" width=\"700\" height=\"700\" src=\"https:\/\/mobilitatechisinau.md\/wp-content\/uploads\/2026\/08\/1-6.jpg\" alt=\"\" class=\"wp-image-18057\" srcset=\"https:\/\/mobilitatechisinau.md\/wp-content\/uploads\/2026\/08\/1-6.jpg 700w, https:\/\/mobilitatechisinau.md\/wp-content\/uploads\/2026\/08\/1-6-150x150.jpg 150w, https:\/\/mobilitatechisinau.md\/wp-content\/uploads\/2026\/08\/1-6-12x12.jpg 12w, https:\/\/mobilitatechisinau.md\/wp-content\/uploads\/2026\/08\/1-6-300x300.jpg 300w\" sizes=\"(max-width: 700px) 100vw, 700px\" \/><\/figure>\n\n\n\n<figure class=\"wp-block-image size-full\"><img decoding=\"async\" width=\"700\" height=\"700\" src=\"https:\/\/mobilitatechisinau.md\/wp-content\/uploads\/2026\/08\/2-6.jpg\" alt=\"\" class=\"wp-image-18053\" srcset=\"https:\/\/mobilitatechisinau.md\/wp-content\/uploads\/2026\/08\/2-6.jpg 700w, https:\/\/mobilitatechisinau.md\/wp-content\/uploads\/2026\/08\/2-6-150x150.jpg 150w, https:\/\/mobilitatechisinau.md\/wp-content\/uploads\/2026\/08\/2-6-300x300.jpg 300w, https:\/\/mobilitatechisinau.md\/wp-content\/uploads\/2026\/08\/2-6-12x12.jpg 12w\" sizes=\"(max-width: 700px) 100vw, 700px\" \/><\/figure>\n\n\n\n<figure class=\"wp-block-image size-full\"><img decoding=\"async\" width=\"700\" height=\"700\" src=\"https:\/\/mobilitatechisinau.md\/wp-content\/uploads\/2026\/08\/3-8.jpg\" alt=\"\" class=\"wp-image-18054\" srcset=\"https:\/\/mobilitatechisinau.md\/wp-content\/uploads\/2026\/08\/3-8.jpg 700w, https:\/\/mobilitatechisinau.md\/wp-content\/uploads\/2026\/08\/3-8-150x150.jpg 150w, https:\/\/mobilitatechisinau.md\/wp-content\/uploads\/2026\/08\/3-8-300x300.jpg 300w, https:\/\/mobilitatechisinau.md\/wp-content\/uploads\/2026\/08\/3-8-12x12.jpg 12w\" sizes=\"(max-width: 700px) 100vw, 700px\" \/><\/figure>\n\n\n\n<figure class=\"wp-block-image size-full\"><img loading=\"lazy\" decoding=\"async\" width=\"700\" height=\"700\" src=\"https:\/\/mobilitatechisinau.md\/wp-content\/uploads\/2026\/08\/4-8.jpg\" alt=\"\" class=\"wp-image-18055\" srcset=\"https:\/\/mobilitatechisinau.md\/wp-content\/uploads\/2026\/08\/4-8.jpg 700w, https:\/\/mobilitatechisinau.md\/wp-content\/uploads\/2026\/08\/4-8-300x300.jpg 300w, https:\/\/mobilitatechisinau.md\/wp-content\/uploads\/2026\/08\/4-8-150x150.jpg 150w, https:\/\/mobilitatechisinau.md\/wp-content\/uploads\/2026\/08\/4-8-12x12.jpg 12w\" sizes=\"(max-width: 700px) 100vw, 700px\" \/><\/figure>\n","protected":false},"excerpt":{"rendered":"<p>Str\u0103zile 31 August 1989, Alexandru cel Bun \u0219i Tighina au fost reabilitate \u00een cadrul proiectului \u201eChi\u0219in\u0103u \u2013 Drumuri Urbane\u201d, prin lucr\u0103ri complexe de modernizare a infrastructurii rutiere \u0219i pietonale. Interven\u021biile au vizat reconstruc\u021bia sistemului rutier, de la funda\u021bia drumului p\u00e2n\u0103 la aplicarea unui nou \u00eenveli\u0219 asfaltic pe \u00eentreaga suprafa\u021b\u0103 carosabil\u0103. Totodat\u0103, au fost reabilitate trotuarele, [&hellip;]<\/p>\n","protected":false},"author":1,"featured_media":18051,"comment_status":"closed","ping_status":"open","sticky":false,"template":"","format":"standard","meta":{"footnotes":""},"categories":[92],"tags":[],"class_list":["post-18050","post","type-post","status-publish","format-standard","has-post-thumbnail","hentry","category-comunicate"],"yoast_head":"<!-- This site is optimized with the Yoast SEO plugin v23.9 - https:\/\/yoast.com\/wordpress\/plugins\/seo\/ -->\n<title>Trei artere importante din centrul capitalei, reabilitate prin proiectul \u201eChi\u0219in\u0103u \u2013 Drumuri Urbane\u201d - mobilitatechisinau.md<\/title>\n<meta name=\"robots\" content=\"index, follow, max-snippet:-1, max-image-preview:large, max-video-preview:-1\" \/>\n<link rel=\"canonical\" href=\"https:\/\/mobilitatechisinau.md\/?p=18050\" \/>\n<meta property=\"og:locale\" content=\"ro_RO\" \/>\n<meta property=\"og:type\" content=\"article\" \/>\n<meta property=\"og:title\" content=\"Trei artere importante din centrul capitalei, reabilitate prin proiectul \u201eChi\u0219in\u0103u \u2013 Drumuri Urbane\u201d - mobilitatechisinau.md\" \/>\n<meta property=\"og:description\" content=\"Str\u0103zile 31 August 1989, Alexandru cel Bun \u0219i Tighina au fost reabilitate \u00een cadrul proiectului \u201eChi\u0219in\u0103u \u2013 Drumuri Urbane\u201d, prin lucr\u0103ri complexe de modernizare a infrastructurii rutiere \u0219i pietonale. Interven\u021biile au vizat reconstruc\u021bia sistemului rutier, de la funda\u021bia drumului p\u00e2n\u0103 la aplicarea unui nou \u00eenveli\u0219 asfaltic pe \u00eentreaga suprafa\u021b\u0103 carosabil\u0103. Totodat\u0103, au fost reabilitate trotuarele, [&hellip;]\" \/>\n<meta property=\"og:url\" content=\"https:\/\/mobilitatechisinau.md\/?p=18050\" \/>\n<meta property=\"og:site_name\" content=\"mobilitatechisinau.md\" \/>\n<meta property=\"article:publisher\" content=\"https:\/\/www.facebook.com\/DGTPCC\" \/>\n<meta property=\"article:published_time\" content=\"2026-08-15T12:13:13+00:00\" \/>\n<meta property=\"article:modified_time\" content=\"2026-08-24T12:22:44+00:00\" \/>\n<meta property=\"og:image\" content=\"https:\/\/mobilitatechisinau.md\/wp-content\/uploads\/2026\/08\/trei-strazi-reabilitate.jpg\" \/>\n\t<meta property=\"og:image:width\" content=\"1200\" \/>\n\t<meta property=\"og:image:height\" content=\"700\" \/>\n\t<meta property=\"og:image:type\" content=\"image\/jpeg\" \/>\n<meta name=\"author\" content=\"dgtpcc.md\" \/>\n<meta name=\"twitter:card\" content=\"summary_large_image\" \/>\n<meta name=\"twitter:label1\" content=\"Scris de\" \/>\n\t<meta name=\"twitter:data1\" content=\"dgtpcc.md\" \/>\n\t<meta name=\"twitter:label2\" content=\"Timp estimat pentru citire\" \/>\n\t<meta name=\"twitter:data2\" content=\"3 minute\" \/>\n<script type=\"application\/ld+json\" class=\"yoast-schema-graph\">{\"@context\":\"https:\/\/schema.org\",\"@graph\":[{\"@type\":\"Article\",\"@id\":\"https:\/\/mobilitatechisinau.md\/?p=18050#article\",\"isPartOf\":{\"@id\":\"https:\/\/mobilitatechisinau.md\/?p=18050\"},\"author\":{\"name\":\"dgtpcc.md\",\"@id\":\"https:\/\/mobilitatechisinau.md\/#\/schema\/person\/c25d28ff5553bea759689e10224709c7\"},\"headline\":\"Trei artere importante din centrul capitalei, reabilitate prin proiectul \u201eChi\u0219in\u0103u \u2013 Drumuri Urbane\u201d\",\"datePublished\":\"2026-08-15T12:13:13+00:00\",\"dateModified\":\"2026-08-24T12:22:44+00:00\",\"mainEntityOfPage\":{\"@id\":\"https:\/\/mobilitatechisinau.md\/?p=18050\"},\"wordCount\":307,\"publisher\":{\"@id\":\"https:\/\/mobilitatechisinau.md\/#organization\"},\"image\":{\"@id\":\"https:\/\/mobilitatechisinau.md\/?p=18050#primaryimage\"},\"thumbnailUrl\":\"https:\/\/mobilitatechisinau.md\/wp-content\/uploads\/2026\/08\/trei-strazi-reabilitate.jpg\",\"articleSection\":[\"Comunicate de pres\u0103\"],\"inLanguage\":\"ro-RO\"},{\"@type\":\"WebPage\",\"@id\":\"https:\/\/mobilitatechisinau.md\/?p=18050\",\"url\":\"https:\/\/mobilitatechisinau.md\/?p=18050\",\"name\":\"Trei artere importante din centrul capitalei, reabilitate prin proiectul \u201eChi\u0219in\u0103u \u2013 Drumuri Urbane\u201d - mobilitatechisinau.md\",\"isPartOf\":{\"@id\":\"https:\/\/mobilitatechisinau.md\/#website\"},\"primaryImageOfPage\":{\"@id\":\"https:\/\/mobilitatechisinau.md\/?p=18050#primaryimage\"},\"image\":{\"@id\":\"https:\/\/mobilitatechisinau.md\/?p=18050#primaryimage\"},\"thumbnailUrl\":\"https:\/\/mobilitatechisinau.md\/wp-content\/uploads\/2026\/08\/trei-strazi-reabilitate.jpg\",\"datePublished\":\"2026-08-15T12:13:13+00:00\",\"dateModified\":\"2026-08-24T12:22:44+00:00\",\"breadcrumb\":{\"@id\":\"https:\/\/mobilitatechisinau.md\/?p=18050#breadcrumb\"},\"inLanguage\":\"ro-RO\",\"potentialAction\":[{\"@type\":\"ReadAction\",\"target\":[\"https:\/\/mobilitatechisinau.md\/?p=18050\"]}]},{\"@type\":\"ImageObject\",\"inLanguage\":\"ro-RO\",\"@id\":\"https:\/\/mobilitatechisinau.md\/?p=18050#primaryimage\",\"url\":\"https:\/\/mobilitatechisinau.md\/wp-content\/uploads\/2026\/08\/trei-strazi-reabilitate.jpg\",\"contentUrl\":\"https:\/\/mobilitatechisinau.md\/wp-content\/uploads\/2026\/08\/trei-strazi-reabilitate.jpg\",\"width\":1200,\"height\":700},{\"@type\":\"BreadcrumbList\",\"@id\":\"https:\/\/mobilitatechisinau.md\/?p=18050#breadcrumb\",\"itemListElement\":[{\"@type\":\"ListItem\",\"position\":1,\"name\":\"Prima pagin\u0103\",\"item\":\"https:\/\/mobilitatechisinau.md\/\"},{\"@type\":\"ListItem\",\"position\":2,\"name\":\"Trei artere importante din centrul capitalei, reabilitate prin proiectul \u201eChi\u0219in\u0103u \u2013 Drumuri Urbane\u201d\"}]},{\"@type\":\"WebSite\",\"@id\":\"https:\/\/mobilitatechisinau.md\/#website\",\"url\":\"https:\/\/mobilitatechisinau.md\/\",\"name\":\"mobilitatechisinau.md\",\"description\":\"Direc\u0163ia General\u0103 Mobilitate Urban\u0103\",\"publisher\":{\"@id\":\"https:\/\/mobilitatechisinau.md\/#organization\"},\"potentialAction\":[{\"@type\":\"SearchAction\",\"target\":{\"@type\":\"EntryPoint\",\"urlTemplate\":\"https:\/\/mobilitatechisinau.md\/?s={search_term_string}\"},\"query-input\":{\"@type\":\"PropertyValueSpecification\",\"valueRequired\":true,\"valueName\":\"search_term_string\"}}],\"inLanguage\":\"ro-RO\"},{\"@type\":\"Organization\",\"@id\":\"https:\/\/mobilitatechisinau.md\/#organization\",\"name\":\"Direc\u0163ia general\u0103 transport public \u015fi c\u0103i de comunica\u0163ie\",\"url\":\"https:\/\/mobilitatechisinau.md\/\",\"logo\":{\"@type\":\"ImageObject\",\"inLanguage\":\"ro-RO\",\"@id\":\"https:\/\/mobilitatechisinau.md\/#\/schema\/logo\/image\/\",\"url\":\"https:\/\/dgtpcc.md\/wp-content\/uploads\/2022\/05\/DGTPCC-Chis\u0326ina\u0306u-new.jpg\",\"contentUrl\":\"https:\/\/dgtpcc.md\/wp-content\/uploads\/2022\/05\/DGTPCC-Chis\u0326ina\u0306u-new.jpg\",\"width\":304,\"height\":80,\"caption\":\"Direc\u0163ia general\u0103 transport public \u015fi c\u0103i de comunica\u0163ie\"},\"image\":{\"@id\":\"https:\/\/mobilitatechisinau.md\/#\/schema\/logo\/image\/\"},\"sameAs\":[\"https:\/\/www.facebook.com\/DGTPCC\"]},{\"@type\":\"Person\",\"@id\":\"https:\/\/mobilitatechisinau.md\/#\/schema\/person\/c25d28ff5553bea759689e10224709c7\",\"name\":\"dgtpcc.md\",\"image\":{\"@type\":\"ImageObject\",\"inLanguage\":\"ro-RO\",\"@id\":\"https:\/\/mobilitatechisinau.md\/#\/schema\/person\/image\/\",\"url\":\"https:\/\/secure.gravatar.com\/avatar\/9057a81ed6aa6c63f6d0d045749b3708fa15d612e3a388d9ac7b50072146c906?s=96&d=mm&r=g\",\"contentUrl\":\"https:\/\/secure.gravatar.com\/avatar\/9057a81ed6aa6c63f6d0d045749b3708fa15d612e3a388d9ac7b50072146c906?s=96&d=mm&r=g\",\"caption\":\"dgtpcc.md\"},\"sameAs\":[\"https:\/\/dgtpcc.md\"],\"url\":\"https:\/\/mobilitatechisinau.md\/?author=1\"}]}<\/script>\n<!-- \/ Yoast SEO plugin. -->","yoast_head_json":{"title":"Trei artere importante din centrul capitalei, reabilitate prin proiectul \u201eChi\u0219in\u0103u \u2013 Drumuri Urbane\u201d - mobilitatechisinau.md","robots":{"index":"index","follow":"follow","max-snippet":"max-snippet:-1","max-image-preview":"max-image-preview:large","max-video-preview":"max-video-preview:-1"},"canonical":"https:\/\/mobilitatechisinau.md\/?p=18050","og_locale":"ro_RO","og_type":"article","og_title":"Trei artere importante din centrul capitalei, reabilitate prin proiectul \u201eChi\u0219in\u0103u \u2013 Drumuri Urbane\u201d - mobilitatechisinau.md","og_description":"Str\u0103zile 31 August 1989, Alexandru cel Bun \u0219i Tighina au fost reabilitate \u00een cadrul proiectului \u201eChi\u0219in\u0103u \u2013 Drumuri Urbane\u201d, prin lucr\u0103ri complexe de modernizare a infrastructurii rutiere \u0219i pietonale. Interven\u021biile au vizat reconstruc\u021bia sistemului rutier, de la funda\u021bia drumului p\u00e2n\u0103 la aplicarea unui nou \u00eenveli\u0219 asfaltic pe \u00eentreaga suprafa\u021b\u0103 carosabil\u0103. Totodat\u0103, au fost reabilitate trotuarele, [&hellip;]","og_url":"https:\/\/mobilitatechisinau.md\/?p=18050","og_site_name":"mobilitatechisinau.md","article_publisher":"https:\/\/www.facebook.com\/DGTPCC","article_published_time":"2026-08-15T12:13:13+00:00","article_modified_time":"2026-08-24T12:22:44+00:00","og_image":[{"width":1200,"height":700,"url":"https:\/\/mobilitatechisinau.md\/wp-content\/uploads\/2026\/08\/trei-strazi-reabilitate.jpg","type":"image\/jpeg"}],"author":"dgtpcc.md","twitter_card":"summary_large_image","twitter_misc":{"Scris de":"dgtpcc.md","Timp estimat pentru citire":"3 minute"},"schema":{"@context":"https:\/\/schema.org","@graph":[{"@type":"Article","@id":"https:\/\/mobilitatechisinau.md\/?p=18050#article","isPartOf":{"@id":"https:\/\/mobilitatechisinau.md\/?p=18050"},"author":{"name":"dgtpcc.md","@id":"https:\/\/mobilitatechisinau.md\/#\/schema\/person\/c25d28ff5553bea759689e10224709c7"},"headline":"Trei artere importante din centrul capitalei, reabilitate prin proiectul \u201eChi\u0219in\u0103u \u2013 Drumuri Urbane\u201d","datePublished":"2026-08-15T12:13:13+00:00","dateModified":"2026-08-24T12:22:44+00:00","mainEntityOfPage":{"@id":"https:\/\/mobilitatechisinau.md\/?p=18050"},"wordCount":307,"publisher":{"@id":"https:\/\/mobilitatechisinau.md\/#organization"},"image":{"@id":"https:\/\/mobilitatechisinau.md\/?p=18050#primaryimage"},"thumbnailUrl":"https:\/\/mobilitatechisinau.md\/wp-content\/uploads\/2026\/08\/trei-strazi-reabilitate.jpg","articleSection":["Comunicate de pres\u0103"],"inLanguage":"ro-RO"},{"@type":"WebPage","@id":"https:\/\/mobilitatechisinau.md\/?p=18050","url":"https:\/\/mobilitatechisinau.md\/?p=18050","name":"Trei artere importante din centrul capitalei, reabilitate prin proiectul \u201eChi\u0219in\u0103u \u2013 Drumuri Urbane\u201d - mobilitatechisinau.md","isPartOf":{"@id":"https:\/\/mobilitatechisinau.md\/#website"},"primaryImageOfPage":{"@id":"https:\/\/mobilitatechisinau.md\/?p=18050#primaryimage"},"image":{"@id":"https:\/\/mobilitatechisinau.md\/?p=18050#primaryimage"},"thumbnailUrl":"https:\/\/mobilitatechisinau.md\/wp-content\/uploads\/2026\/08\/trei-strazi-reabilitate.jpg","datePublished":"2026-08-15T12:13:13+00:00","dateModified":"2026-08-24T12:22:44+00:00","breadcrumb":{"@id":"https:\/\/mobilitatechisinau.md\/?p=18050#breadcrumb"},"inLanguage":"ro-RO","potentialAction":[{"@type":"ReadAction","target":["https:\/\/mobilitatechisinau.md\/?p=18050"]}]},{"@type":"ImageObject","inLanguage":"ro-RO","@id":"https:\/\/mobilitatechisinau.md\/?p=18050#primaryimage","url":"https:\/\/mobilitatechisinau.md\/wp-content\/uploads\/2026\/08\/trei-strazi-reabilitate.jpg","contentUrl":"https:\/\/mobilitatechisinau.md\/wp-content\/uploads\/2026\/08\/trei-strazi-reabilitate.jpg","width":1200,"height":700},{"@type":"BreadcrumbList","@id":"https:\/\/mobilitatechisinau.md\/?p=18050#breadcrumb","itemListElement":[{"@type":"ListItem","position":1,"name":"Prima pagin\u0103","item":"https:\/\/mobilitatechisinau.md\/"},{"@type":"ListItem","position":2,"name":"Trei artere importante din centrul capitalei, reabilitate prin proiectul \u201eChi\u0219in\u0103u \u2013 Drumuri Urbane\u201d"}]},{"@type":"WebSite","@id":"https:\/\/mobilitatechisinau.md\/#website","url":"https:\/\/mobilitatechisinau.md\/","name":"mobilitatechisinau.md","description":"Direc\u0163ia General\u0103 Mobilitate Urban\u0103","publisher":{"@id":"https:\/\/mobilitatechisinau.md\/#organization"},"potentialAction":[{"@type":"SearchAction","target":{"@type":"EntryPoint","urlTemplate":"https:\/\/mobilitatechisinau.md\/?s={search_term_string}"},"query-input":{"@type":"PropertyValueSpecification","valueRequired":true,"valueName":"search_term_string"}}],"inLanguage":"ro-RO"},{"@type":"Organization","@id":"https:\/\/mobilitatechisinau.md\/#organization","name":"Direc\u0163ia general\u0103 transport public \u015fi c\u0103i de comunica\u0163ie","url":"https:\/\/mobilitatechisinau.md\/","logo":{"@type":"ImageObject","inLanguage":"ro-RO","@id":"https:\/\/mobilitatechisinau.md\/#\/schema\/logo\/image\/","url":"https:\/\/dgtpcc.md\/wp-content\/uploads\/2022\/05\/DGTPCC-Chis\u0326ina\u0306u-new.jpg","contentUrl":"https:\/\/dgtpcc.md\/wp-content\/uploads\/2022\/05\/DGTPCC-Chis\u0326ina\u0306u-new.jpg","width":304,"height":80,"caption":"Direc\u0163ia general\u0103 transport public \u015fi c\u0103i de comunica\u0163ie"},"image":{"@id":"https:\/\/mobilitatechisinau.md\/#\/schema\/logo\/image\/"},"sameAs":["https:\/\/www.facebook.com\/DGTPCC"]},{"@type":"Person","@id":"https:\/\/mobilitatechisinau.md\/#\/schema\/person\/c25d28ff5553bea759689e10224709c7","name":"dgtpcc.md","image":{"@type":"ImageObject","inLanguage":"ro-RO","@id":"https:\/\/mobilitatechisinau.md\/#\/schema\/person\/image\/","url":"https:\/\/secure.gravatar.com\/avatar\/9057a81ed6aa6c63f6d0d045749b3708fa15d612e3a388d9ac7b50072146c906?s=96&d=mm&r=g","contentUrl":"https:\/\/secure.gravatar.com\/avatar\/9057a81ed6aa6c63f6d0d045749b3708fa15d612e3a388d9ac7b50072146c906?s=96&d=mm&r=g","caption":"dgtpcc.md"},"sameAs":["https:\/\/dgtpcc.md"],"url":"https:\/\/mobilitatechisinau.md\/?author=1"}]}},"_links":{"self":[{"href":"https:\/\/mobilitatechisinau.md\/index.php?rest_route=\/wp\/v2\/posts\/18050","targetHints":{"allow":["GET"]}}],"collection":[{"href":"https:\/\/mobilitatechisinau.md\/index.php?rest_route=\/wp\/v2\/posts"}],"about":[{"href":"https:\/\/mobilitatechisinau.md\/index.php?rest_route=\/wp\/v2\/types\/post"}],"author":[{"embeddable":true,"href":"https:\/\/mobilitatechisinau.md\/index.php?rest_route=\/wp\/v2\/users\/1"}],"replies":[{"embeddable":true,"href":"https:\/\/mobilitatechisinau.md\/index.php?rest_route=%2Fwp%2Fv2%2Fcomments&post=18050"}],"version-history":[{"count":2,"href":"https:\/\/mobilitatechisinau.md\/index.php?rest_route=\/wp\/v2\/posts\/18050\/revisions"}],"predecessor-version":[{"id":18058,"href":"https:\/\/mobilitatechisinau.md\/index.php?rest_route=\/wp\/v2\/posts\/18050\/revisions\/18058"}],"wp:featuredmedia":[{"embeddable":true,"href":"https:\/\/mobilitatechisinau.md\/index.php?rest_route=\/wp\/v2\/media\/18051"}],"wp:attachment":[{"href":"https:\/\/mobilitatechisinau.md\/index.php?rest_route=%2Fwp%2Fv2%2Fmedia&parent=18050"}],"wp:term":[{"taxonomy":"category","embeddable":true,"href":"https:\/\/mobilitatechisinau.md\/index.php?rest_route=%2Fwp%2Fv2%2Fcategories&post=18050"},{"taxonomy":"post_tag","embeddable":true,"href":"https:\/\/mobilitatechisinau.md\/index.php?rest_route=%2Fwp%2Fv2%2Ftags&post=18050"}],"curies":[{"name":"wp","href":"https:\/\/api.w.org\/{rel}","templated":true}]}}