{"id":18059,"date":"2026-08-17T14:23:10","date_gmt":"2026-08-17T12:23:10","guid":{"rendered":"https:\/\/mobilitatechisinau.md\/?p=18059"},"modified":"2026-08-24T14:36:54","modified_gmt":"2026-08-24T12:36:54","slug":"lucrari-de-intretinere-a-infrastructurii-rutiere-desfasurate-in-perioada-10-16-august-2","status":"publish","type":"post","link":"https:\/\/mobilitatechisinau.md\/?p=18059","title":{"rendered":"Lucr\u0103ri de \u00eentre\u021binere a infrastructurii rutiere, desf\u0103\u0219urate \u00een perioada 10\u201316 august"},"content":{"rendered":"\n<p class=\"wp-block-paragraph\">\u00cen perioada 10\u201316 august, echipele responsabile de \u00eentre\u021binerea infrastructurii rutiere au desf\u0103\u0219urat lucr\u0103ri pe mai multe str\u0103zi din municipiul Chi\u0219in\u0103u, interven\u021biile viz\u00e2nd repara\u021bia carosabilului, \u00eentre\u021binerea sistemului de evacuare a apelor pluviale, salubrizarea \u0219i sporirea siguran\u021bei participan\u021bilor la trafic.<\/p>\n\n\n\n<p class=\"wp-block-paragraph\">\u00cen aceast\u0103 perioad\u0103, lucr\u0103ri de frezare a carosabilului au fost executate pe o suprafa\u021b\u0103 de peste 11 500 m\u00b2, inclusiv pe Calea Ie\u0219ilor, bd. Alba Iulia, str. Petricani \u2013 str. Mihai Viteazul, \u0219os. Munce\u0219ti \u0219i traseul L-455.<\/p>\n\n\n\n<p class=\"wp-block-paragraph\">Pe \u0219os. Munce\u0219ti au continuat lucr\u0103rile de reabilitare a carosabilului, fiind executate interven\u021bii de frezare a stratului existent \u0219i a denivel\u0103rilor, amenajare a acostamentelor \u0219i aplicare a stratului de egalizare.<\/p>\n\n\n\n<p class=\"wp-block-paragraph\">Totodat\u0103, la nodul rutier de pe str. Ismail au continuat lucr\u0103rile de amenajare \u0219i reconstruc\u021bie. \u00cen cadrul interven\u021biilor au fost executate lucr\u0103ri la carosabil \u0219i trotuare, montate borduri \u0219i realizate lucr\u0103ri la funda\u021bie \u0219i zonele de racordare.<\/p>\n\n\n\n<p class=\"wp-block-paragraph\">Pentru asigurarea func\u021bion\u0103rii corespunz\u0103toare a sistemului de evacuare a apelor pluviale, au fost efectuate lucr\u0103ri de \u00eentre\u021binere \u0219i repara\u021bie a canaliz\u0103rii pluviale pe \u0219os. Munce\u0219ti \u0219i str. Ginta Latin\u0103, precum \u0219i lucr\u0103ri de cur\u0103\u021bare a canalelor pluviale.<\/p>\n\n\n\n<p class=\"wp-block-paragraph\">\u00cen paralel, au fost desf\u0103\u0219urate lucr\u0103ri de salubrizare manual\u0103, fiind efectuate peste 40 de curse pe principalele artere ale municipiului \u0219i \u00een alte zone, inclusiv \u00een pasajul subteran de la intersec\u021bia str. A. Russo cu bd. Moscova.<\/p>\n\n\n\n<p class=\"wp-block-paragraph\">\u00cen vederea men\u021binerii \u0219i \u00eembun\u0103t\u0103\u021birii semnaliz\u0103rii rutiere, au fost deservite 78 de indicatoare \u0219i instalate alte 70 de indicatoare \u00een mai multe zone ale municipiului. Pentru sporirea siguran\u021bei participan\u021bilor la trafic, au fost aplicate peste 1 900 m\u00b2 de marcaj rutier longitudinal \u0219i transversal.<\/p>\n\n\n\n<p class=\"wp-block-paragraph\">De asemenea, \u00een zonele unde este necesar\u0103 delimitarea \u0219i protejarea spa\u021biilor de circula\u021bie au fost instala\u021bi 146 de st\u00e2lpi cauciuca\u021bi.<\/p>\n\n\n\n<p class=\"wp-block-paragraph\">Lucr\u0103rile de \u00eentre\u021binere \u0219i repara\u021bie a infrastructurii rutiere se desf\u0103\u0219oar\u0103 constant \u00een municipiu, \u00een func\u021bie de starea infrastructurii \u0219i de necesit\u0103\u021bile identificate \u00een teren.<\/p>\n\n\n\n<p class=\"wp-block-paragraph\"><a href=\"https:\/\/mobilitatechisinau.md\/?p=18060\">Galerie foto<\/a><\/p>\n","protected":false},"excerpt":{"rendered":"<p>\u00cen perioada 10\u201316 august, echipele responsabile de \u00eentre\u021binerea infrastructurii rutiere au desf\u0103\u0219urat lucr\u0103ri pe mai multe str\u0103zi din municipiul Chi\u0219in\u0103u, interven\u021biile viz\u00e2nd repara\u021bia carosabilului, \u00eentre\u021binerea sistemului de evacuare a apelor pluviale, salubrizarea \u0219i sporirea siguran\u021bei participan\u021bilor la trafic. \u00cen aceast\u0103 perioad\u0103, lucr\u0103ri de frezare a carosabilului au fost executate pe o suprafa\u021b\u0103 de peste 11 [&hellip;]<\/p>\n","protected":false},"author":1,"featured_media":18061,"comment_status":"closed","ping_status":"open","sticky":false,"template":"","format":"standard","meta":{"footnotes":""},"categories":[92],"tags":[],"class_list":["post-18059","post","type-post","status-publish","format-standard","has-post-thumbnail","hentry","category-comunicate"],"yoast_head":"<!-- This site is optimized with the Yoast SEO plugin v23.9 - https:\/\/yoast.com\/wordpress\/plugins\/seo\/ -->\n<title>Lucr\u0103ri de \u00eentre\u021binere a infrastructurii rutiere, desf\u0103\u0219urate \u00een perioada 10\u201316 august - mobilitatechisinau.md<\/title>\n<meta name=\"robots\" content=\"index, follow, max-snippet:-1, max-image-preview:large, max-video-preview:-1\" \/>\n<link rel=\"canonical\" href=\"https:\/\/mobilitatechisinau.md\/?p=18059\" \/>\n<meta property=\"og:locale\" content=\"ro_RO\" \/>\n<meta property=\"og:type\" content=\"article\" \/>\n<meta property=\"og:title\" content=\"Lucr\u0103ri de \u00eentre\u021binere a infrastructurii rutiere, desf\u0103\u0219urate \u00een perioada 10\u201316 august - mobilitatechisinau.md\" \/>\n<meta property=\"og:description\" content=\"\u00cen perioada 10\u201316 august, echipele responsabile de \u00eentre\u021binerea infrastructurii rutiere au desf\u0103\u0219urat lucr\u0103ri pe mai multe str\u0103zi din municipiul Chi\u0219in\u0103u, interven\u021biile viz\u00e2nd repara\u021bia carosabilului, \u00eentre\u021binerea sistemului de evacuare a apelor pluviale, salubrizarea \u0219i sporirea siguran\u021bei participan\u021bilor la trafic. \u00cen aceast\u0103 perioad\u0103, lucr\u0103ri de frezare a carosabilului au fost executate pe o suprafa\u021b\u0103 de peste 11 [&hellip;]\" \/>\n<meta property=\"og:url\" content=\"https:\/\/mobilitatechisinau.md\/?p=18059\" \/>\n<meta property=\"og:site_name\" content=\"mobilitatechisinau.md\" \/>\n<meta property=\"article:publisher\" content=\"https:\/\/www.facebook.com\/DGTPCC\" \/>\n<meta property=\"article:published_time\" content=\"2026-08-17T12:23:10+00:00\" \/>\n<meta property=\"article:modified_time\" content=\"2026-08-24T12:36:54+00:00\" \/>\n<meta property=\"og:image\" content=\"https:\/\/mobilitatechisinau.md\/wp-content\/uploads\/2026\/08\/17-august.jpg\" \/>\n\t<meta property=\"og:image:width\" content=\"1200\" \/>\n\t<meta property=\"og:image:height\" content=\"700\" \/>\n\t<meta property=\"og:image:type\" content=\"image\/jpeg\" \/>\n<meta name=\"author\" content=\"dgtpcc.md\" \/>\n<meta name=\"twitter:card\" content=\"summary_large_image\" \/>\n<meta name=\"twitter:label1\" content=\"Scris de\" \/>\n\t<meta name=\"twitter:data1\" content=\"dgtpcc.md\" \/>\n\t<meta name=\"twitter:label2\" content=\"Timp estimat pentru citire\" \/>\n\t<meta name=\"twitter:data2\" content=\"2 minute\" \/>\n<script type=\"application\/ld+json\" class=\"yoast-schema-graph\">{\"@context\":\"https:\/\/schema.org\",\"@graph\":[{\"@type\":\"Article\",\"@id\":\"https:\/\/mobilitatechisinau.md\/?p=18059#article\",\"isPartOf\":{\"@id\":\"https:\/\/mobilitatechisinau.md\/?p=18059\"},\"author\":{\"name\":\"dgtpcc.md\",\"@id\":\"https:\/\/mobilitatechisinau.md\/#\/schema\/person\/c25d28ff5553bea759689e10224709c7\"},\"headline\":\"Lucr\u0103ri de \u00eentre\u021binere a infrastructurii rutiere, desf\u0103\u0219urate \u00een perioada 10\u201316 august\",\"datePublished\":\"2026-08-17T12:23:10+00:00\",\"dateModified\":\"2026-08-24T12:36:54+00:00\",\"mainEntityOfPage\":{\"@id\":\"https:\/\/mobilitatechisinau.md\/?p=18059\"},\"wordCount\":364,\"publisher\":{\"@id\":\"https:\/\/mobilitatechisinau.md\/#organization\"},\"image\":{\"@id\":\"https:\/\/mobilitatechisinau.md\/?p=18059#primaryimage\"},\"thumbnailUrl\":\"https:\/\/mobilitatechisinau.md\/wp-content\/uploads\/2026\/08\/17-august.jpg\",\"articleSection\":[\"Comunicate de pres\u0103\"],\"inLanguage\":\"ro-RO\"},{\"@type\":\"WebPage\",\"@id\":\"https:\/\/mobilitatechisinau.md\/?p=18059\",\"url\":\"https:\/\/mobilitatechisinau.md\/?p=18059\",\"name\":\"Lucr\u0103ri de \u00eentre\u021binere a infrastructurii rutiere, desf\u0103\u0219urate \u00een perioada 10\u201316 august - mobilitatechisinau.md\",\"isPartOf\":{\"@id\":\"https:\/\/mobilitatechisinau.md\/#website\"},\"primaryImageOfPage\":{\"@id\":\"https:\/\/mobilitatechisinau.md\/?p=18059#primaryimage\"},\"image\":{\"@id\":\"https:\/\/mobilitatechisinau.md\/?p=18059#primaryimage\"},\"thumbnailUrl\":\"https:\/\/mobilitatechisinau.md\/wp-content\/uploads\/2026\/08\/17-august.jpg\",\"datePublished\":\"2026-08-17T12:23:10+00:00\",\"dateModified\":\"2026-08-24T12:36:54+00:00\",\"breadcrumb\":{\"@id\":\"https:\/\/mobilitatechisinau.md\/?p=18059#breadcrumb\"},\"inLanguage\":\"ro-RO\",\"potentialAction\":[{\"@type\":\"ReadAction\",\"target\":[\"https:\/\/mobilitatechisinau.md\/?p=18059\"]}]},{\"@type\":\"ImageObject\",\"inLanguage\":\"ro-RO\",\"@id\":\"https:\/\/mobilitatechisinau.md\/?p=18059#primaryimage\",\"url\":\"https:\/\/mobilitatechisinau.md\/wp-content\/uploads\/2026\/08\/17-august.jpg\",\"contentUrl\":\"https:\/\/mobilitatechisinau.md\/wp-content\/uploads\/2026\/08\/17-august.jpg\",\"width\":1200,\"height\":700},{\"@type\":\"BreadcrumbList\",\"@id\":\"https:\/\/mobilitatechisinau.md\/?p=18059#breadcrumb\",\"itemListElement\":[{\"@type\":\"ListItem\",\"position\":1,\"name\":\"Prima pagin\u0103\",\"item\":\"https:\/\/mobilitatechisinau.md\/\"},{\"@type\":\"ListItem\",\"position\":2,\"name\":\"Lucr\u0103ri de \u00eentre\u021binere a infrastructurii rutiere, desf\u0103\u0219urate \u00een perioada 10\u201316 august\"}]},{\"@type\":\"WebSite\",\"@id\":\"https:\/\/mobilitatechisinau.md\/#website\",\"url\":\"https:\/\/mobilitatechisinau.md\/\",\"name\":\"mobilitatechisinau.md\",\"description\":\"Direc\u0163ia General\u0103 Mobilitate Urban\u0103\",\"publisher\":{\"@id\":\"https:\/\/mobilitatechisinau.md\/#organization\"},\"potentialAction\":[{\"@type\":\"SearchAction\",\"target\":{\"@type\":\"EntryPoint\",\"urlTemplate\":\"https:\/\/mobilitatechisinau.md\/?s={search_term_string}\"},\"query-input\":{\"@type\":\"PropertyValueSpecification\",\"valueRequired\":true,\"valueName\":\"search_term_string\"}}],\"inLanguage\":\"ro-RO\"},{\"@type\":\"Organization\",\"@id\":\"https:\/\/mobilitatechisinau.md\/#organization\",\"name\":\"Direc\u0163ia general\u0103 transport public \u015fi c\u0103i de comunica\u0163ie\",\"url\":\"https:\/\/mobilitatechisinau.md\/\",\"logo\":{\"@type\":\"ImageObject\",\"inLanguage\":\"ro-RO\",\"@id\":\"https:\/\/mobilitatechisinau.md\/#\/schema\/logo\/image\/\",\"url\":\"https:\/\/dgtpcc.md\/wp-content\/uploads\/2022\/05\/DGTPCC-Chis\u0326ina\u0306u-new.jpg\",\"contentUrl\":\"https:\/\/dgtpcc.md\/wp-content\/uploads\/2022\/05\/DGTPCC-Chis\u0326ina\u0306u-new.jpg\",\"width\":304,\"height\":80,\"caption\":\"Direc\u0163ia general\u0103 transport public \u015fi c\u0103i de comunica\u0163ie\"},\"image\":{\"@id\":\"https:\/\/mobilitatechisinau.md\/#\/schema\/logo\/image\/\"},\"sameAs\":[\"https:\/\/www.facebook.com\/DGTPCC\"]},{\"@type\":\"Person\",\"@id\":\"https:\/\/mobilitatechisinau.md\/#\/schema\/person\/c25d28ff5553bea759689e10224709c7\",\"name\":\"dgtpcc.md\",\"image\":{\"@type\":\"ImageObject\",\"inLanguage\":\"ro-RO\",\"@id\":\"https:\/\/mobilitatechisinau.md\/#\/schema\/person\/image\/\",\"url\":\"https:\/\/secure.gravatar.com\/avatar\/9057a81ed6aa6c63f6d0d045749b3708fa15d612e3a388d9ac7b50072146c906?s=96&d=mm&r=g\",\"contentUrl\":\"https:\/\/secure.gravatar.com\/avatar\/9057a81ed6aa6c63f6d0d045749b3708fa15d612e3a388d9ac7b50072146c906?s=96&d=mm&r=g\",\"caption\":\"dgtpcc.md\"},\"sameAs\":[\"https:\/\/dgtpcc.md\"],\"url\":\"https:\/\/mobilitatechisinau.md\/?author=1\"}]}<\/script>\n<!-- \/ Yoast SEO plugin. -->","yoast_head_json":{"title":"Lucr\u0103ri de \u00eentre\u021binere a infrastructurii rutiere, desf\u0103\u0219urate \u00een perioada 10\u201316 august - mobilitatechisinau.md","robots":{"index":"index","follow":"follow","max-snippet":"max-snippet:-1","max-image-preview":"max-image-preview:large","max-video-preview":"max-video-preview:-1"},"canonical":"https:\/\/mobilitatechisinau.md\/?p=18059","og_locale":"ro_RO","og_type":"article","og_title":"Lucr\u0103ri de \u00eentre\u021binere a infrastructurii rutiere, desf\u0103\u0219urate \u00een perioada 10\u201316 august - mobilitatechisinau.md","og_description":"\u00cen perioada 10\u201316 august, echipele responsabile de \u00eentre\u021binerea infrastructurii rutiere au desf\u0103\u0219urat lucr\u0103ri pe mai multe str\u0103zi din municipiul Chi\u0219in\u0103u, interven\u021biile viz\u00e2nd repara\u021bia carosabilului, \u00eentre\u021binerea sistemului de evacuare a apelor pluviale, salubrizarea \u0219i sporirea siguran\u021bei participan\u021bilor la trafic. \u00cen aceast\u0103 perioad\u0103, lucr\u0103ri de frezare a carosabilului au fost executate pe o suprafa\u021b\u0103 de peste 11 [&hellip;]","og_url":"https:\/\/mobilitatechisinau.md\/?p=18059","og_site_name":"mobilitatechisinau.md","article_publisher":"https:\/\/www.facebook.com\/DGTPCC","article_published_time":"2026-08-17T12:23:10+00:00","article_modified_time":"2026-08-24T12:36:54+00:00","og_image":[{"width":1200,"height":700,"url":"https:\/\/mobilitatechisinau.md\/wp-content\/uploads\/2026\/08\/17-august.jpg","type":"image\/jpeg"}],"author":"dgtpcc.md","twitter_card":"summary_large_image","twitter_misc":{"Scris de":"dgtpcc.md","Timp estimat pentru citire":"2 minute"},"schema":{"@context":"https:\/\/schema.org","@graph":[{"@type":"Article","@id":"https:\/\/mobilitatechisinau.md\/?p=18059#article","isPartOf":{"@id":"https:\/\/mobilitatechisinau.md\/?p=18059"},"author":{"name":"dgtpcc.md","@id":"https:\/\/mobilitatechisinau.md\/#\/schema\/person\/c25d28ff5553bea759689e10224709c7"},"headline":"Lucr\u0103ri de \u00eentre\u021binere a infrastructurii rutiere, desf\u0103\u0219urate \u00een perioada 10\u201316 august","datePublished":"2026-08-17T12:23:10+00:00","dateModified":"2026-08-24T12:36:54+00:00","mainEntityOfPage":{"@id":"https:\/\/mobilitatechisinau.md\/?p=18059"},"wordCount":364,"publisher":{"@id":"https:\/\/mobilitatechisinau.md\/#organization"},"image":{"@id":"https:\/\/mobilitatechisinau.md\/?p=18059#primaryimage"},"thumbnailUrl":"https:\/\/mobilitatechisinau.md\/wp-content\/uploads\/2026\/08\/17-august.jpg","articleSection":["Comunicate de pres\u0103"],"inLanguage":"ro-RO"},{"@type":"WebPage","@id":"https:\/\/mobilitatechisinau.md\/?p=18059","url":"https:\/\/mobilitatechisinau.md\/?p=18059","name":"Lucr\u0103ri de \u00eentre\u021binere a infrastructurii rutiere, desf\u0103\u0219urate \u00een perioada 10\u201316 august - mobilitatechisinau.md","isPartOf":{"@id":"https:\/\/mobilitatechisinau.md\/#website"},"primaryImageOfPage":{"@id":"https:\/\/mobilitatechisinau.md\/?p=18059#primaryimage"},"image":{"@id":"https:\/\/mobilitatechisinau.md\/?p=18059#primaryimage"},"thumbnailUrl":"https:\/\/mobilitatechisinau.md\/wp-content\/uploads\/2026\/08\/17-august.jpg","datePublished":"2026-08-17T12:23:10+00:00","dateModified":"2026-08-24T12:36:54+00:00","breadcrumb":{"@id":"https:\/\/mobilitatechisinau.md\/?p=18059#breadcrumb"},"inLanguage":"ro-RO","potentialAction":[{"@type":"ReadAction","target":["https:\/\/mobilitatechisinau.md\/?p=18059"]}]},{"@type":"ImageObject","inLanguage":"ro-RO","@id":"https:\/\/mobilitatechisinau.md\/?p=18059#primaryimage","url":"https:\/\/mobilitatechisinau.md\/wp-content\/uploads\/2026\/08\/17-august.jpg","contentUrl":"https:\/\/mobilitatechisinau.md\/wp-content\/uploads\/2026\/08\/17-august.jpg","width":1200,"height":700},{"@type":"BreadcrumbList","@id":"https:\/\/mobilitatechisinau.md\/?p=18059#breadcrumb","itemListElement":[{"@type":"ListItem","position":1,"name":"Prima pagin\u0103","item":"https:\/\/mobilitatechisinau.md\/"},{"@type":"ListItem","position":2,"name":"Lucr\u0103ri de \u00eentre\u021binere a infrastructurii rutiere, desf\u0103\u0219urate \u00een perioada 10\u201316 august"}]},{"@type":"WebSite","@id":"https:\/\/mobilitatechisinau.md\/#website","url":"https:\/\/mobilitatechisinau.md\/","name":"mobilitatechisinau.md","description":"Direc\u0163ia General\u0103 Mobilitate Urban\u0103","publisher":{"@id":"https:\/\/mobilitatechisinau.md\/#organization"},"potentialAction":[{"@type":"SearchAction","target":{"@type":"EntryPoint","urlTemplate":"https:\/\/mobilitatechisinau.md\/?s={search_term_string}"},"query-input":{"@type":"PropertyValueSpecification","valueRequired":true,"valueName":"search_term_string"}}],"inLanguage":"ro-RO"},{"@type":"Organization","@id":"https:\/\/mobilitatechisinau.md\/#organization","name":"Direc\u0163ia general\u0103 transport public \u015fi c\u0103i de comunica\u0163ie","url":"https:\/\/mobilitatechisinau.md\/","logo":{"@type":"ImageObject","inLanguage":"ro-RO","@id":"https:\/\/mobilitatechisinau.md\/#\/schema\/logo\/image\/","url":"https:\/\/dgtpcc.md\/wp-content\/uploads\/2022\/05\/DGTPCC-Chis\u0326ina\u0306u-new.jpg","contentUrl":"https:\/\/dgtpcc.md\/wp-content\/uploads\/2022\/05\/DGTPCC-Chis\u0326ina\u0306u-new.jpg","width":304,"height":80,"caption":"Direc\u0163ia general\u0103 transport public \u015fi c\u0103i de comunica\u0163ie"},"image":{"@id":"https:\/\/mobilitatechisinau.md\/#\/schema\/logo\/image\/"},"sameAs":["https:\/\/www.facebook.com\/DGTPCC"]},{"@type":"Person","@id":"https:\/\/mobilitatechisinau.md\/#\/schema\/person\/c25d28ff5553bea759689e10224709c7","name":"dgtpcc.md","image":{"@type":"ImageObject","inLanguage":"ro-RO","@id":"https:\/\/mobilitatechisinau.md\/#\/schema\/person\/image\/","url":"https:\/\/secure.gravatar.com\/avatar\/9057a81ed6aa6c63f6d0d045749b3708fa15d612e3a388d9ac7b50072146c906?s=96&d=mm&r=g","contentUrl":"https:\/\/secure.gravatar.com\/avatar\/9057a81ed6aa6c63f6d0d045749b3708fa15d612e3a388d9ac7b50072146c906?s=96&d=mm&r=g","caption":"dgtpcc.md"},"sameAs":["https:\/\/dgtpcc.md"],"url":"https:\/\/mobilitatechisinau.md\/?author=1"}]}},"_links":{"self":[{"href":"https:\/\/mobilitatechisinau.md\/index.php?rest_route=\/wp\/v2\/posts\/18059","targetHints":{"allow":["GET"]}}],"collection":[{"href":"https:\/\/mobilitatechisinau.md\/index.php?rest_route=\/wp\/v2\/posts"}],"about":[{"href":"https:\/\/mobilitatechisinau.md\/index.php?rest_route=\/wp\/v2\/types\/post"}],"author":[{"embeddable":true,"href":"https:\/\/mobilitatechisinau.md\/index.php?rest_route=\/wp\/v2\/users\/1"}],"replies":[{"embeddable":true,"href":"https:\/\/mobilitatechisinau.md\/index.php?rest_route=%2Fwp%2Fv2%2Fcomments&post=18059"}],"version-history":[{"count":1,"href":"https:\/\/mobilitatechisinau.md\/index.php?rest_route=\/wp\/v2\/posts\/18059\/revisions"}],"predecessor-version":[{"id":18089,"href":"https:\/\/mobilitatechisinau.md\/index.php?rest_route=\/wp\/v2\/posts\/18059\/revisions\/18089"}],"wp:featuredmedia":[{"embeddable":true,"href":"https:\/\/mobilitatechisinau.md\/index.php?rest_route=\/wp\/v2\/media\/18061"}],"wp:attachment":[{"href":"https:\/\/mobilitatechisinau.md\/index.php?rest_route=%2Fwp%2Fv2%2Fmedia&parent=18059"}],"wp:term":[{"taxonomy":"category","embeddable":true,"href":"https:\/\/mobilitatechisinau.md\/index.php?rest_route=%2Fwp%2Fv2%2Fcategories&post=18059"},{"taxonomy":"post_tag","embeddable":true,"href":"https:\/\/mobilitatechisinau.md\/index.php?rest_route=%2Fwp%2Fv2%2Ftags&post=18059"}],"curies":[{"name":"wp","href":"https:\/\/api.w.org\/{rel}","templated":true}]}}