{"id":18097,"date":"2026-08-19T14:44:57","date_gmt":"2026-08-19T12:44:57","guid":{"rendered":"https:\/\/mobilitatechisinau.md\/?p=18097"},"modified":"2026-08-24T14:50:42","modified_gmt":"2026-08-24T12:50:42","slug":"cea-mai-mare-parcare-de-captura-din-municipiu-este-amenajata-in-sectorul-ciocana","status":"publish","type":"post","link":"https:\/\/mobilitatechisinau.md\/?p=18097","title":{"rendered":"Cea mai mare parcare de captur\u0103 din municipiu este amenajat\u0103 \u00een sectorul Ciocana"},"content":{"rendered":"\n<p class=\"wp-block-paragraph\">\u00cen sectorul Ciocana este \u00een proces de amenajare cea mai mare parcare de captur\u0103 prev\u0103zut\u0103 \u00een prezent la periferia municipiului Chi\u0219in\u0103u, cu o capacitate de aproximativ 550 de locuri.<\/p>\n\n\n\n<p class=\"wp-block-paragraph\">Proiectul este conceput pentru a oferi \u0219oferilor posibilitatea de a-\u0219i l\u0103sa autoturismele la intrarea \u00een ora\u0219 \u0219i de a-\u0219i continua c\u0103l\u0103toria cu transportul public, contribuind astfel la reducerea presiunii asupra traficului \u0219i a spa\u021biilor de parcare din zonele centrale ale capitalei.<\/p>\n\n\n\n<p class=\"wp-block-paragraph\">Pe l\u00e2ng\u0103 locurile de parcare, proiectul prevede amenajarea unei zone verzi, construirea unei sta\u021bii noi pentru transportul public \u0219i instalarea unui grup sanitar public. Astfel, parcarea va dispune de infrastructura necesar\u0103 pentru utilizarea confortabil\u0103 at\u00e2t de c\u0103tre \u0219oferi, c\u00e2t \u0219i de c\u0103tre pasagerii transportului public.<\/p>\n\n\n\n<p class=\"wp-block-paragraph\">Amenajarea parc\u0103rii de captur\u0103 face parte dintr-un program mai amplu al municipalit\u0103\u021bii de dezvoltare a infrastructurii de tip Park&amp;Ride la periferia capitalei.<\/p>\n\n\n\n<p class=\"wp-block-paragraph\">Parc\u0103ri de captur\u0103 de capacitate mare sunt \u00een proces de amenajare \u0219i \u00een celelalte sectoare ale municipiului Chi\u0219in\u0103u, acestea urm\u00e2nd s\u0103 ofere alternative pentru \u0219oferii care doresc s\u0103 evite deplasarea cu autoturismul spre zona central\u0103 \u0219i s\u0103 utilizeze transportul public pentru continuarea c\u0103l\u0103toriei.<\/p>\n\n\n\n<figure class=\"wp-block-gallery has-nested-images columns-default is-cropped wp-block-gallery-1 is-layout-flex wp-block-gallery-is-layout-flex\">\n<figure class=\"wp-block-image size-full\"><img fetchpriority=\"high\" decoding=\"async\" width=\"525\" height=\"700\" data-id=\"18101\" src=\"https:\/\/mobilitatechisinau.md\/wp-content\/uploads\/2026\/08\/1-9.jpg\" alt=\"\" class=\"wp-image-18101\" srcset=\"https:\/\/mobilitatechisinau.md\/wp-content\/uploads\/2026\/08\/1-9.jpg 525w, https:\/\/mobilitatechisinau.md\/wp-content\/uploads\/2026\/08\/1-9-225x300.jpg 225w, https:\/\/mobilitatechisinau.md\/wp-content\/uploads\/2026\/08\/1-9-9x12.jpg 9w\" sizes=\"(max-width: 525px) 100vw, 525px\" \/><\/figure>\n\n\n\n<figure class=\"wp-block-image size-full\"><img decoding=\"async\" width=\"933\" height=\"700\" data-id=\"18100\" src=\"https:\/\/mobilitatechisinau.md\/wp-content\/uploads\/2026\/08\/2-9.jpg\" alt=\"\" class=\"wp-image-18100\" srcset=\"https:\/\/mobilitatechisinau.md\/wp-content\/uploads\/2026\/08\/2-9.jpg 933w, https:\/\/mobilitatechisinau.md\/wp-content\/uploads\/2026\/08\/2-9-300x225.jpg 300w, https:\/\/mobilitatechisinau.md\/wp-content\/uploads\/2026\/08\/2-9-768x576.jpg 768w, https:\/\/mobilitatechisinau.md\/wp-content\/uploads\/2026\/08\/2-9-16x12.jpg 16w\" sizes=\"(max-width: 933px) 100vw, 933px\" \/><\/figure>\n\n\n\n<figure class=\"wp-block-image size-full\"><img decoding=\"async\" width=\"933\" height=\"700\" data-id=\"18103\" src=\"https:\/\/mobilitatechisinau.md\/wp-content\/uploads\/2026\/08\/3-11.jpg\" alt=\"\" class=\"wp-image-18103\" srcset=\"https:\/\/mobilitatechisinau.md\/wp-content\/uploads\/2026\/08\/3-11.jpg 933w, https:\/\/mobilitatechisinau.md\/wp-content\/uploads\/2026\/08\/3-11-300x225.jpg 300w, https:\/\/mobilitatechisinau.md\/wp-content\/uploads\/2026\/08\/3-11-768x576.jpg 768w, https:\/\/mobilitatechisinau.md\/wp-content\/uploads\/2026\/08\/3-11-16x12.jpg 16w\" sizes=\"(max-width: 933px) 100vw, 933px\" \/><\/figure>\n\n\n\n<figure class=\"wp-block-image size-full\"><img loading=\"lazy\" decoding=\"async\" width=\"525\" height=\"700\" data-id=\"18102\" src=\"https:\/\/mobilitatechisinau.md\/wp-content\/uploads\/2026\/08\/4-11.jpg\" alt=\"\" class=\"wp-image-18102\" srcset=\"https:\/\/mobilitatechisinau.md\/wp-content\/uploads\/2026\/08\/4-11.jpg 525w, https:\/\/mobilitatechisinau.md\/wp-content\/uploads\/2026\/08\/4-11-9x12.jpg 9w, https:\/\/mobilitatechisinau.md\/wp-content\/uploads\/2026\/08\/4-11-225x300.jpg 225w\" sizes=\"(max-width: 525px) 100vw, 525px\" \/><\/figure>\n\n\n\n<figure class=\"wp-block-image size-large\"><img loading=\"lazy\" decoding=\"async\" width=\"525\" height=\"700\" data-id=\"18099\" src=\"https:\/\/mobilitatechisinau.md\/wp-content\/uploads\/2026\/08\/5-9.jpg\" alt=\"\" class=\"wp-image-18099\" srcset=\"https:\/\/mobilitatechisinau.md\/wp-content\/uploads\/2026\/08\/5-9.jpg 525w, https:\/\/mobilitatechisinau.md\/wp-content\/uploads\/2026\/08\/5-9-225x300.jpg 225w, https:\/\/mobilitatechisinau.md\/wp-content\/uploads\/2026\/08\/5-9-9x12.jpg 9w\" sizes=\"(max-width: 525px) 100vw, 525px\" \/><\/figure>\n\n\n\n<figure class=\"wp-block-image size-full\"><img loading=\"lazy\" decoding=\"async\" width=\"525\" height=\"700\" data-id=\"18104\" src=\"https:\/\/mobilitatechisinau.md\/wp-content\/uploads\/2026\/08\/6-6.jpg\" alt=\"\" class=\"wp-image-18104\" srcset=\"https:\/\/mobilitatechisinau.md\/wp-content\/uploads\/2026\/08\/6-6.jpg 525w, https:\/\/mobilitatechisinau.md\/wp-content\/uploads\/2026\/08\/6-6-225x300.jpg 225w, https:\/\/mobilitatechisinau.md\/wp-content\/uploads\/2026\/08\/6-6-9x12.jpg 9w\" sizes=\"(max-width: 525px) 100vw, 525px\" \/><\/figure>\n\n\n\n<figure class=\"wp-block-image size-full\"><img loading=\"lazy\" decoding=\"async\" width=\"933\" height=\"700\" data-id=\"18105\" src=\"https:\/\/mobilitatechisinau.md\/wp-content\/uploads\/2026\/08\/8-7.jpg\" alt=\"\" class=\"wp-image-18105\" srcset=\"https:\/\/mobilitatechisinau.md\/wp-content\/uploads\/2026\/08\/8-7.jpg 933w, https:\/\/mobilitatechisinau.md\/wp-content\/uploads\/2026\/08\/8-7-300x225.jpg 300w, https:\/\/mobilitatechisinau.md\/wp-content\/uploads\/2026\/08\/8-7-16x12.jpg 16w, https:\/\/mobilitatechisinau.md\/wp-content\/uploads\/2026\/08\/8-7-768x576.jpg 768w\" sizes=\"(max-width: 933px) 100vw, 933px\" \/><\/figure>\n<\/figure>\n","protected":false},"excerpt":{"rendered":"<p>\u00cen sectorul Ciocana este \u00een proces de amenajare cea mai mare parcare de captur\u0103 prev\u0103zut\u0103 \u00een prezent la periferia municipiului Chi\u0219in\u0103u, cu o capacitate de aproximativ 550 de locuri. Proiectul este conceput pentru a oferi \u0219oferilor posibilitatea de a-\u0219i l\u0103sa autoturismele la intrarea \u00een ora\u0219 \u0219i de a-\u0219i continua c\u0103l\u0103toria cu transportul public, contribuind astfel [&hellip;]<\/p>\n","protected":false},"author":1,"featured_media":18098,"comment_status":"closed","ping_status":"open","sticky":false,"template":"","format":"standard","meta":{"footnotes":""},"categories":[92],"tags":[],"class_list":["post-18097","post","type-post","status-publish","format-standard","has-post-thumbnail","hentry","category-comunicate"],"yoast_head":"<!-- This site is optimized with the Yoast SEO plugin v23.9 - https:\/\/yoast.com\/wordpress\/plugins\/seo\/ -->\n<title>Cea mai mare parcare de captur\u0103 din municipiu este amenajat\u0103 \u00een sectorul Ciocana - mobilitatechisinau.md<\/title>\n<meta name=\"robots\" content=\"index, follow, max-snippet:-1, max-image-preview:large, max-video-preview:-1\" \/>\n<link rel=\"canonical\" href=\"https:\/\/mobilitatechisinau.md\/?p=18097\" \/>\n<meta property=\"og:locale\" content=\"ro_RO\" \/>\n<meta property=\"og:type\" content=\"article\" \/>\n<meta property=\"og:title\" content=\"Cea mai mare parcare de captur\u0103 din municipiu este amenajat\u0103 \u00een sectorul Ciocana - mobilitatechisinau.md\" \/>\n<meta property=\"og:description\" content=\"\u00cen sectorul Ciocana este \u00een proces de amenajare cea mai mare parcare de captur\u0103 prev\u0103zut\u0103 \u00een prezent la periferia municipiului Chi\u0219in\u0103u, cu o capacitate de aproximativ 550 de locuri. Proiectul este conceput pentru a oferi \u0219oferilor posibilitatea de a-\u0219i l\u0103sa autoturismele la intrarea \u00een ora\u0219 \u0219i de a-\u0219i continua c\u0103l\u0103toria cu transportul public, contribuind astfel [&hellip;]\" \/>\n<meta property=\"og:url\" content=\"https:\/\/mobilitatechisinau.md\/?p=18097\" \/>\n<meta property=\"og:site_name\" content=\"mobilitatechisinau.md\" \/>\n<meta property=\"article:publisher\" content=\"https:\/\/www.facebook.com\/DGTPCC\" \/>\n<meta property=\"article:published_time\" content=\"2026-08-19T12:44:57+00:00\" \/>\n<meta property=\"article:modified_time\" content=\"2026-08-24T12:50:42+00:00\" \/>\n<meta property=\"og:image\" content=\"https:\/\/mobilitatechisinau.md\/wp-content\/uploads\/2026\/08\/19-august.jpg\" \/>\n\t<meta property=\"og:image:width\" content=\"1200\" \/>\n\t<meta property=\"og:image:height\" content=\"700\" \/>\n\t<meta property=\"og:image:type\" content=\"image\/jpeg\" \/>\n<meta name=\"author\" content=\"dgtpcc.md\" \/>\n<meta name=\"twitter:card\" content=\"summary_large_image\" \/>\n<meta name=\"twitter:label1\" content=\"Scris de\" \/>\n\t<meta name=\"twitter:data1\" content=\"dgtpcc.md\" \/>\n\t<meta name=\"twitter:label2\" content=\"Timp estimat pentru citire\" \/>\n\t<meta name=\"twitter:data2\" content=\"3 minute\" \/>\n<script type=\"application\/ld+json\" class=\"yoast-schema-graph\">{\"@context\":\"https:\/\/schema.org\",\"@graph\":[{\"@type\":\"Article\",\"@id\":\"https:\/\/mobilitatechisinau.md\/?p=18097#article\",\"isPartOf\":{\"@id\":\"https:\/\/mobilitatechisinau.md\/?p=18097\"},\"author\":{\"name\":\"dgtpcc.md\",\"@id\":\"https:\/\/mobilitatechisinau.md\/#\/schema\/person\/c25d28ff5553bea759689e10224709c7\"},\"headline\":\"Cea mai mare parcare de captur\u0103 din municipiu este amenajat\u0103 \u00een sectorul Ciocana\",\"datePublished\":\"2026-08-19T12:44:57+00:00\",\"dateModified\":\"2026-08-24T12:50:42+00:00\",\"mainEntityOfPage\":{\"@id\":\"https:\/\/mobilitatechisinau.md\/?p=18097\"},\"wordCount\":217,\"publisher\":{\"@id\":\"https:\/\/mobilitatechisinau.md\/#organization\"},\"image\":{\"@id\":\"https:\/\/mobilitatechisinau.md\/?p=18097#primaryimage\"},\"thumbnailUrl\":\"https:\/\/mobilitatechisinau.md\/wp-content\/uploads\/2026\/08\/19-august.jpg\",\"articleSection\":[\"Comunicate de pres\u0103\"],\"inLanguage\":\"ro-RO\"},{\"@type\":\"WebPage\",\"@id\":\"https:\/\/mobilitatechisinau.md\/?p=18097\",\"url\":\"https:\/\/mobilitatechisinau.md\/?p=18097\",\"name\":\"Cea mai mare parcare de captur\u0103 din municipiu este amenajat\u0103 \u00een sectorul Ciocana - mobilitatechisinau.md\",\"isPartOf\":{\"@id\":\"https:\/\/mobilitatechisinau.md\/#website\"},\"primaryImageOfPage\":{\"@id\":\"https:\/\/mobilitatechisinau.md\/?p=18097#primaryimage\"},\"image\":{\"@id\":\"https:\/\/mobilitatechisinau.md\/?p=18097#primaryimage\"},\"thumbnailUrl\":\"https:\/\/mobilitatechisinau.md\/wp-content\/uploads\/2026\/08\/19-august.jpg\",\"datePublished\":\"2026-08-19T12:44:57+00:00\",\"dateModified\":\"2026-08-24T12:50:42+00:00\",\"breadcrumb\":{\"@id\":\"https:\/\/mobilitatechisinau.md\/?p=18097#breadcrumb\"},\"inLanguage\":\"ro-RO\",\"potentialAction\":[{\"@type\":\"ReadAction\",\"target\":[\"https:\/\/mobilitatechisinau.md\/?p=18097\"]}]},{\"@type\":\"ImageObject\",\"inLanguage\":\"ro-RO\",\"@id\":\"https:\/\/mobilitatechisinau.md\/?p=18097#primaryimage\",\"url\":\"https:\/\/mobilitatechisinau.md\/wp-content\/uploads\/2026\/08\/19-august.jpg\",\"contentUrl\":\"https:\/\/mobilitatechisinau.md\/wp-content\/uploads\/2026\/08\/19-august.jpg\",\"width\":1200,\"height\":700},{\"@type\":\"BreadcrumbList\",\"@id\":\"https:\/\/mobilitatechisinau.md\/?p=18097#breadcrumb\",\"itemListElement\":[{\"@type\":\"ListItem\",\"position\":1,\"name\":\"Prima pagin\u0103\",\"item\":\"https:\/\/mobilitatechisinau.md\/\"},{\"@type\":\"ListItem\",\"position\":2,\"name\":\"Cea mai mare parcare de captur\u0103 din municipiu este amenajat\u0103 \u00een sectorul Ciocana\"}]},{\"@type\":\"WebSite\",\"@id\":\"https:\/\/mobilitatechisinau.md\/#website\",\"url\":\"https:\/\/mobilitatechisinau.md\/\",\"name\":\"mobilitatechisinau.md\",\"description\":\"Direc\u0163ia General\u0103 Mobilitate Urban\u0103\",\"publisher\":{\"@id\":\"https:\/\/mobilitatechisinau.md\/#organization\"},\"potentialAction\":[{\"@type\":\"SearchAction\",\"target\":{\"@type\":\"EntryPoint\",\"urlTemplate\":\"https:\/\/mobilitatechisinau.md\/?s={search_term_string}\"},\"query-input\":{\"@type\":\"PropertyValueSpecification\",\"valueRequired\":true,\"valueName\":\"search_term_string\"}}],\"inLanguage\":\"ro-RO\"},{\"@type\":\"Organization\",\"@id\":\"https:\/\/mobilitatechisinau.md\/#organization\",\"name\":\"Direc\u0163ia general\u0103 transport public \u015fi c\u0103i de comunica\u0163ie\",\"url\":\"https:\/\/mobilitatechisinau.md\/\",\"logo\":{\"@type\":\"ImageObject\",\"inLanguage\":\"ro-RO\",\"@id\":\"https:\/\/mobilitatechisinau.md\/#\/schema\/logo\/image\/\",\"url\":\"https:\/\/dgtpcc.md\/wp-content\/uploads\/2022\/05\/DGTPCC-Chis\u0326ina\u0306u-new.jpg\",\"contentUrl\":\"https:\/\/dgtpcc.md\/wp-content\/uploads\/2022\/05\/DGTPCC-Chis\u0326ina\u0306u-new.jpg\",\"width\":304,\"height\":80,\"caption\":\"Direc\u0163ia general\u0103 transport public \u015fi c\u0103i de comunica\u0163ie\"},\"image\":{\"@id\":\"https:\/\/mobilitatechisinau.md\/#\/schema\/logo\/image\/\"},\"sameAs\":[\"https:\/\/www.facebook.com\/DGTPCC\"]},{\"@type\":\"Person\",\"@id\":\"https:\/\/mobilitatechisinau.md\/#\/schema\/person\/c25d28ff5553bea759689e10224709c7\",\"name\":\"dgtpcc.md\",\"image\":{\"@type\":\"ImageObject\",\"inLanguage\":\"ro-RO\",\"@id\":\"https:\/\/mobilitatechisinau.md\/#\/schema\/person\/image\/\",\"url\":\"https:\/\/secure.gravatar.com\/avatar\/9057a81ed6aa6c63f6d0d045749b3708fa15d612e3a388d9ac7b50072146c906?s=96&d=mm&r=g\",\"contentUrl\":\"https:\/\/secure.gravatar.com\/avatar\/9057a81ed6aa6c63f6d0d045749b3708fa15d612e3a388d9ac7b50072146c906?s=96&d=mm&r=g\",\"caption\":\"dgtpcc.md\"},\"sameAs\":[\"https:\/\/dgtpcc.md\"],\"url\":\"https:\/\/mobilitatechisinau.md\/?author=1\"}]}<\/script>\n<!-- \/ Yoast SEO plugin. -->","yoast_head_json":{"title":"Cea mai mare parcare de captur\u0103 din municipiu este amenajat\u0103 \u00een sectorul Ciocana - mobilitatechisinau.md","robots":{"index":"index","follow":"follow","max-snippet":"max-snippet:-1","max-image-preview":"max-image-preview:large","max-video-preview":"max-video-preview:-1"},"canonical":"https:\/\/mobilitatechisinau.md\/?p=18097","og_locale":"ro_RO","og_type":"article","og_title":"Cea mai mare parcare de captur\u0103 din municipiu este amenajat\u0103 \u00een sectorul Ciocana - mobilitatechisinau.md","og_description":"\u00cen sectorul Ciocana este \u00een proces de amenajare cea mai mare parcare de captur\u0103 prev\u0103zut\u0103 \u00een prezent la periferia municipiului Chi\u0219in\u0103u, cu o capacitate de aproximativ 550 de locuri. Proiectul este conceput pentru a oferi \u0219oferilor posibilitatea de a-\u0219i l\u0103sa autoturismele la intrarea \u00een ora\u0219 \u0219i de a-\u0219i continua c\u0103l\u0103toria cu transportul public, contribuind astfel [&hellip;]","og_url":"https:\/\/mobilitatechisinau.md\/?p=18097","og_site_name":"mobilitatechisinau.md","article_publisher":"https:\/\/www.facebook.com\/DGTPCC","article_published_time":"2026-08-19T12:44:57+00:00","article_modified_time":"2026-08-24T12:50:42+00:00","og_image":[{"width":1200,"height":700,"url":"https:\/\/mobilitatechisinau.md\/wp-content\/uploads\/2026\/08\/19-august.jpg","type":"image\/jpeg"}],"author":"dgtpcc.md","twitter_card":"summary_large_image","twitter_misc":{"Scris de":"dgtpcc.md","Timp estimat pentru citire":"3 minute"},"schema":{"@context":"https:\/\/schema.org","@graph":[{"@type":"Article","@id":"https:\/\/mobilitatechisinau.md\/?p=18097#article","isPartOf":{"@id":"https:\/\/mobilitatechisinau.md\/?p=18097"},"author":{"name":"dgtpcc.md","@id":"https:\/\/mobilitatechisinau.md\/#\/schema\/person\/c25d28ff5553bea759689e10224709c7"},"headline":"Cea mai mare parcare de captur\u0103 din municipiu este amenajat\u0103 \u00een sectorul Ciocana","datePublished":"2026-08-19T12:44:57+00:00","dateModified":"2026-08-24T12:50:42+00:00","mainEntityOfPage":{"@id":"https:\/\/mobilitatechisinau.md\/?p=18097"},"wordCount":217,"publisher":{"@id":"https:\/\/mobilitatechisinau.md\/#organization"},"image":{"@id":"https:\/\/mobilitatechisinau.md\/?p=18097#primaryimage"},"thumbnailUrl":"https:\/\/mobilitatechisinau.md\/wp-content\/uploads\/2026\/08\/19-august.jpg","articleSection":["Comunicate de pres\u0103"],"inLanguage":"ro-RO"},{"@type":"WebPage","@id":"https:\/\/mobilitatechisinau.md\/?p=18097","url":"https:\/\/mobilitatechisinau.md\/?p=18097","name":"Cea mai mare parcare de captur\u0103 din municipiu este amenajat\u0103 \u00een sectorul Ciocana - mobilitatechisinau.md","isPartOf":{"@id":"https:\/\/mobilitatechisinau.md\/#website"},"primaryImageOfPage":{"@id":"https:\/\/mobilitatechisinau.md\/?p=18097#primaryimage"},"image":{"@id":"https:\/\/mobilitatechisinau.md\/?p=18097#primaryimage"},"thumbnailUrl":"https:\/\/mobilitatechisinau.md\/wp-content\/uploads\/2026\/08\/19-august.jpg","datePublished":"2026-08-19T12:44:57+00:00","dateModified":"2026-08-24T12:50:42+00:00","breadcrumb":{"@id":"https:\/\/mobilitatechisinau.md\/?p=18097#breadcrumb"},"inLanguage":"ro-RO","potentialAction":[{"@type":"ReadAction","target":["https:\/\/mobilitatechisinau.md\/?p=18097"]}]},{"@type":"ImageObject","inLanguage":"ro-RO","@id":"https:\/\/mobilitatechisinau.md\/?p=18097#primaryimage","url":"https:\/\/mobilitatechisinau.md\/wp-content\/uploads\/2026\/08\/19-august.jpg","contentUrl":"https:\/\/mobilitatechisinau.md\/wp-content\/uploads\/2026\/08\/19-august.jpg","width":1200,"height":700},{"@type":"BreadcrumbList","@id":"https:\/\/mobilitatechisinau.md\/?p=18097#breadcrumb","itemListElement":[{"@type":"ListItem","position":1,"name":"Prima pagin\u0103","item":"https:\/\/mobilitatechisinau.md\/"},{"@type":"ListItem","position":2,"name":"Cea mai mare parcare de captur\u0103 din municipiu este amenajat\u0103 \u00een sectorul Ciocana"}]},{"@type":"WebSite","@id":"https:\/\/mobilitatechisinau.md\/#website","url":"https:\/\/mobilitatechisinau.md\/","name":"mobilitatechisinau.md","description":"Direc\u0163ia General\u0103 Mobilitate Urban\u0103","publisher":{"@id":"https:\/\/mobilitatechisinau.md\/#organization"},"potentialAction":[{"@type":"SearchAction","target":{"@type":"EntryPoint","urlTemplate":"https:\/\/mobilitatechisinau.md\/?s={search_term_string}"},"query-input":{"@type":"PropertyValueSpecification","valueRequired":true,"valueName":"search_term_string"}}],"inLanguage":"ro-RO"},{"@type":"Organization","@id":"https:\/\/mobilitatechisinau.md\/#organization","name":"Direc\u0163ia general\u0103 transport public \u015fi c\u0103i de comunica\u0163ie","url":"https:\/\/mobilitatechisinau.md\/","logo":{"@type":"ImageObject","inLanguage":"ro-RO","@id":"https:\/\/mobilitatechisinau.md\/#\/schema\/logo\/image\/","url":"https:\/\/dgtpcc.md\/wp-content\/uploads\/2022\/05\/DGTPCC-Chis\u0326ina\u0306u-new.jpg","contentUrl":"https:\/\/dgtpcc.md\/wp-content\/uploads\/2022\/05\/DGTPCC-Chis\u0326ina\u0306u-new.jpg","width":304,"height":80,"caption":"Direc\u0163ia general\u0103 transport public \u015fi c\u0103i de comunica\u0163ie"},"image":{"@id":"https:\/\/mobilitatechisinau.md\/#\/schema\/logo\/image\/"},"sameAs":["https:\/\/www.facebook.com\/DGTPCC"]},{"@type":"Person","@id":"https:\/\/mobilitatechisinau.md\/#\/schema\/person\/c25d28ff5553bea759689e10224709c7","name":"dgtpcc.md","image":{"@type":"ImageObject","inLanguage":"ro-RO","@id":"https:\/\/mobilitatechisinau.md\/#\/schema\/person\/image\/","url":"https:\/\/secure.gravatar.com\/avatar\/9057a81ed6aa6c63f6d0d045749b3708fa15d612e3a388d9ac7b50072146c906?s=96&d=mm&r=g","contentUrl":"https:\/\/secure.gravatar.com\/avatar\/9057a81ed6aa6c63f6d0d045749b3708fa15d612e3a388d9ac7b50072146c906?s=96&d=mm&r=g","caption":"dgtpcc.md"},"sameAs":["https:\/\/dgtpcc.md"],"url":"https:\/\/mobilitatechisinau.md\/?author=1"}]}},"_links":{"self":[{"href":"https:\/\/mobilitatechisinau.md\/index.php?rest_route=\/wp\/v2\/posts\/18097","targetHints":{"allow":["GET"]}}],"collection":[{"href":"https:\/\/mobilitatechisinau.md\/index.php?rest_route=\/wp\/v2\/posts"}],"about":[{"href":"https:\/\/mobilitatechisinau.md\/index.php?rest_route=\/wp\/v2\/types\/post"}],"author":[{"embeddable":true,"href":"https:\/\/mobilitatechisinau.md\/index.php?rest_route=\/wp\/v2\/users\/1"}],"replies":[{"embeddable":true,"href":"https:\/\/mobilitatechisinau.md\/index.php?rest_route=%2Fwp%2Fv2%2Fcomments&post=18097"}],"version-history":[{"count":1,"href":"https:\/\/mobilitatechisinau.md\/index.php?rest_route=\/wp\/v2\/posts\/18097\/revisions"}],"predecessor-version":[{"id":18106,"href":"https:\/\/mobilitatechisinau.md\/index.php?rest_route=\/wp\/v2\/posts\/18097\/revisions\/18106"}],"wp:featuredmedia":[{"embeddable":true,"href":"https:\/\/mobilitatechisinau.md\/index.php?rest_route=\/wp\/v2\/media\/18098"}],"wp:attachment":[{"href":"https:\/\/mobilitatechisinau.md\/index.php?rest_route=%2Fwp%2Fv2%2Fmedia&parent=18097"}],"wp:term":[{"taxonomy":"category","embeddable":true,"href":"https:\/\/mobilitatechisinau.md\/index.php?rest_route=%2Fwp%2Fv2%2Fcategories&post=18097"},{"taxonomy":"post_tag","embeddable":true,"href":"https:\/\/mobilitatechisinau.md\/index.php?rest_route=%2Fwp%2Fv2%2Ftags&post=18097"}],"curies":[{"name":"wp","href":"https:\/\/api.w.org\/{rel}","templated":true}]}}