{"id":18108,"date":"2026-08-20T14:54:00","date_gmt":"2026-08-20T12:54:00","guid":{"rendered":"https:\/\/mobilitatechisinau.md\/?p=18108"},"modified":"2026-08-24T15:03:11","modified_gmt":"2026-08-24T13:03:11","slug":"lucrarile-din-zona-caldaram-de-pe-strada-31-august-1989-continua","status":"publish","type":"post","link":"https:\/\/mobilitatechisinau.md\/?p=18108","title":{"rendered":"Lucr\u0103rile din zona Caldar\u00e2m, de pe strada 31 August 1989, continu\u0103"},"content":{"rendered":"\n<p class=\"wp-block-paragraph\">Lucr\u0103rile de amenajare a spa\u021biului pietonal din zona Caldar\u00e2m, pe strada 31 August 1989, continu\u0103 \u00een aceast\u0103 perioad\u0103, interven\u021biile fiind desf\u0103\u0219urate pe mai multe componente ale proiectului.<\/p>\n\n\n\n<p class=\"wp-block-paragraph\">\u00cen prezent, pe prima parte a proiectului se lucreaz\u0103 la montarea pavajului, amenajarea zonelor verzi \u0219i finalizarea gabioanelor din piatr\u0103 de granit. \u00cen paralel, continu\u0103 lucr\u0103rile la sistemul de colectare \u0219i evacuare a apelor pluviale, precum \u0219i preg\u0103tirea acceselor laterale.<\/p>\n\n\n\n<p class=\"wp-block-paragraph\">Proiectul urm\u0103re\u0219te valorificarea zonei istorice \u0219i transformarea acesteia \u00eentr-un spa\u021biu urban mai accesibil, sigur \u0219i atractiv pentru pietoni \u0219i bicicli\u0219ti, prin \u00eembun\u0103t\u0103\u021birea infrastructurii \u0219i a condi\u021biilor de circula\u021bie.<\/p>\n\n\n\n<p class=\"wp-block-paragraph\">Lucr\u0103rile prev\u0103d reabilitarea pavajului \u0219i a trotuarelor, amenajarea unei piste pentru bicicli\u0219ti, modernizarea sistemului de colectare a apelor pluviale \u0219i adaptarea infrastructurii pentru un acces mai confortabil al pietonilor.<\/p>\n\n\n\n<p class=\"wp-block-paragraph\">Interven\u021biile sunt realizate cu respectarea caracterului istoric al zonei, astfel \u00eenc\u00e2t spa\u021biul reabilitat s\u0103 \u00eembine valorificarea patrimoniului urban cu necesit\u0103\u021bile actuale de mobilitate \u0219i accesibilitate.<\/p>\n\n\n\n<figure class=\"wp-block-gallery has-nested-images columns-default is-cropped wp-block-gallery-1 is-layout-flex wp-block-gallery-is-layout-flex\">\n<figure class=\"wp-block-image size-full\"><img fetchpriority=\"high\" decoding=\"async\" width=\"933\" height=\"700\" data-id=\"18110\" src=\"https:\/\/mobilitatechisinau.md\/wp-content\/uploads\/2026\/08\/1-10.jpg\" alt=\"\" class=\"wp-image-18110\" srcset=\"https:\/\/mobilitatechisinau.md\/wp-content\/uploads\/2026\/08\/1-10.jpg 933w, https:\/\/mobilitatechisinau.md\/wp-content\/uploads\/2026\/08\/1-10-300x225.jpg 300w, https:\/\/mobilitatechisinau.md\/wp-content\/uploads\/2026\/08\/1-10-16x12.jpg 16w, https:\/\/mobilitatechisinau.md\/wp-content\/uploads\/2026\/08\/1-10-768x576.jpg 768w\" sizes=\"(max-width: 933px) 100vw, 933px\" \/><\/figure>\n\n\n\n<figure class=\"wp-block-image size-full\"><img decoding=\"async\" width=\"525\" height=\"700\" data-id=\"18109\" src=\"https:\/\/mobilitatechisinau.md\/wp-content\/uploads\/2026\/08\/2-10.jpg\" alt=\"\" class=\"wp-image-18109\" srcset=\"https:\/\/mobilitatechisinau.md\/wp-content\/uploads\/2026\/08\/2-10.jpg 525w, https:\/\/mobilitatechisinau.md\/wp-content\/uploads\/2026\/08\/2-10-9x12-2.jpg 9w, https:\/\/mobilitatechisinau.md\/wp-content\/uploads\/2026\/08\/2-10-225x300-2.jpg 225w\" sizes=\"(max-width: 525px) 100vw, 525px\" \/><\/figure>\n\n\n\n<figure class=\"wp-block-image size-full\"><img decoding=\"async\" width=\"525\" height=\"700\" data-id=\"18111\" src=\"https:\/\/mobilitatechisinau.md\/wp-content\/uploads\/2026\/08\/3-12.jpg\" alt=\"\" class=\"wp-image-18111\" srcset=\"https:\/\/mobilitatechisinau.md\/wp-content\/uploads\/2026\/08\/3-12.jpg 525w, https:\/\/mobilitatechisinau.md\/wp-content\/uploads\/2026\/08\/3-12-225x300.jpg 225w, https:\/\/mobilitatechisinau.md\/wp-content\/uploads\/2026\/08\/3-12-9x12.jpg 9w\" sizes=\"(max-width: 525px) 100vw, 525px\" \/><\/figure>\n\n\n\n<figure class=\"wp-block-image size-full\"><img loading=\"lazy\" decoding=\"async\" width=\"933\" height=\"700\" data-id=\"18112\" src=\"https:\/\/mobilitatechisinau.md\/wp-content\/uploads\/2026\/08\/4-12.jpg\" alt=\"\" class=\"wp-image-18112\" srcset=\"https:\/\/mobilitatechisinau.md\/wp-content\/uploads\/2026\/08\/4-12.jpg 933w, https:\/\/mobilitatechisinau.md\/wp-content\/uploads\/2026\/08\/4-12-300x225.jpg 300w, https:\/\/mobilitatechisinau.md\/wp-content\/uploads\/2026\/08\/4-12-768x576.jpg 768w, https:\/\/mobilitatechisinau.md\/wp-content\/uploads\/2026\/08\/4-12-16x12.jpg 16w\" sizes=\"(max-width: 933px) 100vw, 933px\" \/><\/figure>\n\n\n\n<figure class=\"wp-block-image size-full\"><img loading=\"lazy\" decoding=\"async\" width=\"525\" height=\"700\" data-id=\"18113\" src=\"https:\/\/mobilitatechisinau.md\/wp-content\/uploads\/2026\/08\/5-10.jpg\" alt=\"\" class=\"wp-image-18113\" srcset=\"https:\/\/mobilitatechisinau.md\/wp-content\/uploads\/2026\/08\/5-10.jpg 525w, https:\/\/mobilitatechisinau.md\/wp-content\/uploads\/2026\/08\/5-10-225x300.jpg 225w, https:\/\/mobilitatechisinau.md\/wp-content\/uploads\/2026\/08\/5-10-9x12.jpg 9w\" sizes=\"(max-width: 525px) 100vw, 525px\" \/><\/figure>\n\n\n\n<figure class=\"wp-block-image size-full\"><img loading=\"lazy\" decoding=\"async\" width=\"933\" height=\"700\" data-id=\"18115\" src=\"https:\/\/mobilitatechisinau.md\/wp-content\/uploads\/2026\/08\/6-7.jpg\" alt=\"\" class=\"wp-image-18115\" srcset=\"https:\/\/mobilitatechisinau.md\/wp-content\/uploads\/2026\/08\/6-7.jpg 933w, https:\/\/mobilitatechisinau.md\/wp-content\/uploads\/2026\/08\/6-7-300x225.jpg 300w, https:\/\/mobilitatechisinau.md\/wp-content\/uploads\/2026\/08\/6-7-768x576.jpg 768w, https:\/\/mobilitatechisinau.md\/wp-content\/uploads\/2026\/08\/6-7-16x12.jpg 16w\" sizes=\"(max-width: 933px) 100vw, 933px\" \/><\/figure>\n\n\n\n<figure class=\"wp-block-image size-full\"><img loading=\"lazy\" decoding=\"async\" width=\"525\" height=\"700\" data-id=\"18117\" src=\"https:\/\/mobilitatechisinau.md\/wp-content\/uploads\/2026\/08\/7-6.jpg\" alt=\"\" class=\"wp-image-18117\" srcset=\"https:\/\/mobilitatechisinau.md\/wp-content\/uploads\/2026\/08\/7-6.jpg 525w, https:\/\/mobilitatechisinau.md\/wp-content\/uploads\/2026\/08\/7-6-225x300.jpg 225w, https:\/\/mobilitatechisinau.md\/wp-content\/uploads\/2026\/08\/7-6-9x12.jpg 9w\" sizes=\"(max-width: 525px) 100vw, 525px\" \/><\/figure>\n\n\n\n<figure class=\"wp-block-image size-full\"><img loading=\"lazy\" decoding=\"async\" width=\"933\" height=\"700\" data-id=\"18116\" src=\"https:\/\/mobilitatechisinau.md\/wp-content\/uploads\/2026\/08\/8-8.jpg\" alt=\"\" class=\"wp-image-18116\" srcset=\"https:\/\/mobilitatechisinau.md\/wp-content\/uploads\/2026\/08\/8-8.jpg 933w, https:\/\/mobilitatechisinau.md\/wp-content\/uploads\/2026\/08\/8-8-300x225.jpg 300w, https:\/\/mobilitatechisinau.md\/wp-content\/uploads\/2026\/08\/8-8-16x12.jpg 16w, https:\/\/mobilitatechisinau.md\/wp-content\/uploads\/2026\/08\/8-8-768x576.jpg 768w\" sizes=\"(max-width: 933px) 100vw, 933px\" \/><\/figure>\n\n\n\n<figure class=\"wp-block-image size-full\"><img loading=\"lazy\" decoding=\"async\" width=\"933\" height=\"700\" data-id=\"18118\" src=\"https:\/\/mobilitatechisinau.md\/wp-content\/uploads\/2026\/08\/9-4.jpg\" alt=\"\" class=\"wp-image-18118\" srcset=\"https:\/\/mobilitatechisinau.md\/wp-content\/uploads\/2026\/08\/9-4.jpg 933w, https:\/\/mobilitatechisinau.md\/wp-content\/uploads\/2026\/08\/9-4-300x225.jpg 300w, https:\/\/mobilitatechisinau.md\/wp-content\/uploads\/2026\/08\/9-4-768x576.jpg 768w, https:\/\/mobilitatechisinau.md\/wp-content\/uploads\/2026\/08\/9-4-16x12.jpg 16w\" sizes=\"(max-width: 933px) 100vw, 933px\" \/><\/figure>\n\n\n\n<figure class=\"wp-block-image size-full\"><img loading=\"lazy\" decoding=\"async\" width=\"933\" height=\"700\" data-id=\"18119\" src=\"https:\/\/mobilitatechisinau.md\/wp-content\/uploads\/2026\/08\/10-5.jpg\" alt=\"\" class=\"wp-image-18119\" srcset=\"https:\/\/mobilitatechisinau.md\/wp-content\/uploads\/2026\/08\/10-5.jpg 933w, https:\/\/mobilitatechisinau.md\/wp-content\/uploads\/2026\/08\/10-5-300x225.jpg 300w, https:\/\/mobilitatechisinau.md\/wp-content\/uploads\/2026\/08\/10-5-768x576.jpg 768w, https:\/\/mobilitatechisinau.md\/wp-content\/uploads\/2026\/08\/10-5-16x12.jpg 16w\" sizes=\"(max-width: 933px) 100vw, 933px\" \/><\/figure>\n\n\n\n<figure class=\"wp-block-image size-full\"><img loading=\"lazy\" decoding=\"async\" width=\"933\" height=\"700\" data-id=\"18120\" src=\"https:\/\/mobilitatechisinau.md\/wp-content\/uploads\/2026\/08\/11-4.jpg\" alt=\"\" class=\"wp-image-18120\" srcset=\"https:\/\/mobilitatechisinau.md\/wp-content\/uploads\/2026\/08\/11-4.jpg 933w, https:\/\/mobilitatechisinau.md\/wp-content\/uploads\/2026\/08\/11-4-300x225.jpg 300w, https:\/\/mobilitatechisinau.md\/wp-content\/uploads\/2026\/08\/11-4-768x576.jpg 768w, https:\/\/mobilitatechisinau.md\/wp-content\/uploads\/2026\/08\/11-4-16x12.jpg 16w\" sizes=\"(max-width: 933px) 100vw, 933px\" \/><\/figure>\n\n\n\n<figure class=\"wp-block-image size-full\"><img loading=\"lazy\" decoding=\"async\" width=\"945\" height=\"700\" data-id=\"18122\" src=\"https:\/\/mobilitatechisinau.md\/wp-content\/uploads\/2026\/08\/12-5.jpg\" alt=\"\" class=\"wp-image-18122\" srcset=\"https:\/\/mobilitatechisinau.md\/wp-content\/uploads\/2026\/08\/12-5.jpg 945w, https:\/\/mobilitatechisinau.md\/wp-content\/uploads\/2026\/08\/12-5-300x222.jpg 300w, https:\/\/mobilitatechisinau.md\/wp-content\/uploads\/2026\/08\/12-5-16x12.jpg 16w, https:\/\/mobilitatechisinau.md\/wp-content\/uploads\/2026\/08\/12-5-767x568.jpg 767w\" sizes=\"(max-width: 945px) 100vw, 945px\" \/><\/figure>\n<\/figure>\n","protected":false},"excerpt":{"rendered":"<p>Lucr\u0103rile de amenajare a spa\u021biului pietonal din zona Caldar\u00e2m, pe strada 31 August 1989, continu\u0103 \u00een aceast\u0103 perioad\u0103, interven\u021biile fiind desf\u0103\u0219urate pe mai multe componente ale proiectului. \u00cen prezent, pe prima parte a proiectului se lucreaz\u0103 la montarea pavajului, amenajarea zonelor verzi \u0219i finalizarea gabioanelor din piatr\u0103 de granit. \u00cen paralel, continu\u0103 lucr\u0103rile la sistemul [&hellip;]<\/p>\n","protected":false},"author":1,"featured_media":18114,"comment_status":"closed","ping_status":"open","sticky":false,"template":"","format":"standard","meta":{"footnotes":""},"categories":[92],"tags":[],"class_list":["post-18108","post","type-post","status-publish","format-standard","has-post-thumbnail","hentry","category-comunicate"],"yoast_head":"<!-- This site is optimized with the Yoast SEO plugin v23.9 - https:\/\/yoast.com\/wordpress\/plugins\/seo\/ -->\n<title>Lucr\u0103rile din zona Caldar\u00e2m, de pe strada 31 August 1989, continu\u0103 - mobilitatechisinau.md<\/title>\n<meta name=\"robots\" content=\"index, follow, max-snippet:-1, max-image-preview:large, max-video-preview:-1\" \/>\n<link rel=\"canonical\" href=\"https:\/\/mobilitatechisinau.md\/?p=18108\" \/>\n<meta property=\"og:locale\" content=\"ro_RO\" \/>\n<meta property=\"og:type\" content=\"article\" \/>\n<meta property=\"og:title\" content=\"Lucr\u0103rile din zona Caldar\u00e2m, de pe strada 31 August 1989, continu\u0103 - mobilitatechisinau.md\" \/>\n<meta property=\"og:description\" content=\"Lucr\u0103rile de amenajare a spa\u021biului pietonal din zona Caldar\u00e2m, pe strada 31 August 1989, continu\u0103 \u00een aceast\u0103 perioad\u0103, interven\u021biile fiind desf\u0103\u0219urate pe mai multe componente ale proiectului. \u00cen prezent, pe prima parte a proiectului se lucreaz\u0103 la montarea pavajului, amenajarea zonelor verzi \u0219i finalizarea gabioanelor din piatr\u0103 de granit. \u00cen paralel, continu\u0103 lucr\u0103rile la sistemul [&hellip;]\" \/>\n<meta property=\"og:url\" content=\"https:\/\/mobilitatechisinau.md\/?p=18108\" \/>\n<meta property=\"og:site_name\" content=\"mobilitatechisinau.md\" \/>\n<meta property=\"article:publisher\" content=\"https:\/\/www.facebook.com\/DGTPCC\" \/>\n<meta property=\"article:published_time\" content=\"2026-08-20T12:54:00+00:00\" \/>\n<meta property=\"article:modified_time\" content=\"2026-08-24T13:03:11+00:00\" \/>\n<meta property=\"og:image\" content=\"https:\/\/mobilitatechisinau.md\/wp-content\/uploads\/2026\/08\/caldarim.jpg\" \/>\n\t<meta property=\"og:image:width\" content=\"1200\" \/>\n\t<meta property=\"og:image:height\" content=\"700\" \/>\n\t<meta property=\"og:image:type\" content=\"image\/jpeg\" \/>\n<meta name=\"author\" content=\"dgtpcc.md\" \/>\n<meta name=\"twitter:card\" content=\"summary_large_image\" \/>\n<meta name=\"twitter:label1\" content=\"Scris de\" \/>\n\t<meta name=\"twitter:data1\" content=\"dgtpcc.md\" \/>\n\t<meta name=\"twitter:label2\" content=\"Timp estimat pentru citire\" \/>\n\t<meta name=\"twitter:data2\" content=\"4 minute\" \/>\n<script type=\"application\/ld+json\" class=\"yoast-schema-graph\">{\"@context\":\"https:\/\/schema.org\",\"@graph\":[{\"@type\":\"Article\",\"@id\":\"https:\/\/mobilitatechisinau.md\/?p=18108#article\",\"isPartOf\":{\"@id\":\"https:\/\/mobilitatechisinau.md\/?p=18108\"},\"author\":{\"name\":\"dgtpcc.md\",\"@id\":\"https:\/\/mobilitatechisinau.md\/#\/schema\/person\/c25d28ff5553bea759689e10224709c7\"},\"headline\":\"Lucr\u0103rile din zona Caldar\u00e2m, de pe strada 31 August 1989, continu\u0103\",\"datePublished\":\"2026-08-20T12:54:00+00:00\",\"dateModified\":\"2026-08-24T13:03:11+00:00\",\"mainEntityOfPage\":{\"@id\":\"https:\/\/mobilitatechisinau.md\/?p=18108\"},\"wordCount\":180,\"publisher\":{\"@id\":\"https:\/\/mobilitatechisinau.md\/#organization\"},\"image\":{\"@id\":\"https:\/\/mobilitatechisinau.md\/?p=18108#primaryimage\"},\"thumbnailUrl\":\"https:\/\/mobilitatechisinau.md\/wp-content\/uploads\/2026\/08\/caldarim.jpg\",\"articleSection\":[\"Comunicate de pres\u0103\"],\"inLanguage\":\"ro-RO\"},{\"@type\":\"WebPage\",\"@id\":\"https:\/\/mobilitatechisinau.md\/?p=18108\",\"url\":\"https:\/\/mobilitatechisinau.md\/?p=18108\",\"name\":\"Lucr\u0103rile din zona Caldar\u00e2m, de pe strada 31 August 1989, continu\u0103 - mobilitatechisinau.md\",\"isPartOf\":{\"@id\":\"https:\/\/mobilitatechisinau.md\/#website\"},\"primaryImageOfPage\":{\"@id\":\"https:\/\/mobilitatechisinau.md\/?p=18108#primaryimage\"},\"image\":{\"@id\":\"https:\/\/mobilitatechisinau.md\/?p=18108#primaryimage\"},\"thumbnailUrl\":\"https:\/\/mobilitatechisinau.md\/wp-content\/uploads\/2026\/08\/caldarim.jpg\",\"datePublished\":\"2026-08-20T12:54:00+00:00\",\"dateModified\":\"2026-08-24T13:03:11+00:00\",\"breadcrumb\":{\"@id\":\"https:\/\/mobilitatechisinau.md\/?p=18108#breadcrumb\"},\"inLanguage\":\"ro-RO\",\"potentialAction\":[{\"@type\":\"ReadAction\",\"target\":[\"https:\/\/mobilitatechisinau.md\/?p=18108\"]}]},{\"@type\":\"ImageObject\",\"inLanguage\":\"ro-RO\",\"@id\":\"https:\/\/mobilitatechisinau.md\/?p=18108#primaryimage\",\"url\":\"https:\/\/mobilitatechisinau.md\/wp-content\/uploads\/2026\/08\/caldarim.jpg\",\"contentUrl\":\"https:\/\/mobilitatechisinau.md\/wp-content\/uploads\/2026\/08\/caldarim.jpg\",\"width\":1200,\"height\":700},{\"@type\":\"BreadcrumbList\",\"@id\":\"https:\/\/mobilitatechisinau.md\/?p=18108#breadcrumb\",\"itemListElement\":[{\"@type\":\"ListItem\",\"position\":1,\"name\":\"Prima pagin\u0103\",\"item\":\"https:\/\/mobilitatechisinau.md\/\"},{\"@type\":\"ListItem\",\"position\":2,\"name\":\"Lucr\u0103rile din zona Caldar\u00e2m, de pe strada 31 August 1989, continu\u0103\"}]},{\"@type\":\"WebSite\",\"@id\":\"https:\/\/mobilitatechisinau.md\/#website\",\"url\":\"https:\/\/mobilitatechisinau.md\/\",\"name\":\"mobilitatechisinau.md\",\"description\":\"Direc\u0163ia General\u0103 Mobilitate Urban\u0103\",\"publisher\":{\"@id\":\"https:\/\/mobilitatechisinau.md\/#organization\"},\"potentialAction\":[{\"@type\":\"SearchAction\",\"target\":{\"@type\":\"EntryPoint\",\"urlTemplate\":\"https:\/\/mobilitatechisinau.md\/?s={search_term_string}\"},\"query-input\":{\"@type\":\"PropertyValueSpecification\",\"valueRequired\":true,\"valueName\":\"search_term_string\"}}],\"inLanguage\":\"ro-RO\"},{\"@type\":\"Organization\",\"@id\":\"https:\/\/mobilitatechisinau.md\/#organization\",\"name\":\"Direc\u0163ia general\u0103 transport public \u015fi c\u0103i de comunica\u0163ie\",\"url\":\"https:\/\/mobilitatechisinau.md\/\",\"logo\":{\"@type\":\"ImageObject\",\"inLanguage\":\"ro-RO\",\"@id\":\"https:\/\/mobilitatechisinau.md\/#\/schema\/logo\/image\/\",\"url\":\"https:\/\/dgtpcc.md\/wp-content\/uploads\/2022\/05\/DGTPCC-Chis\u0326ina\u0306u-new.jpg\",\"contentUrl\":\"https:\/\/dgtpcc.md\/wp-content\/uploads\/2022\/05\/DGTPCC-Chis\u0326ina\u0306u-new.jpg\",\"width\":304,\"height\":80,\"caption\":\"Direc\u0163ia general\u0103 transport public \u015fi c\u0103i de comunica\u0163ie\"},\"image\":{\"@id\":\"https:\/\/mobilitatechisinau.md\/#\/schema\/logo\/image\/\"},\"sameAs\":[\"https:\/\/www.facebook.com\/DGTPCC\"]},{\"@type\":\"Person\",\"@id\":\"https:\/\/mobilitatechisinau.md\/#\/schema\/person\/c25d28ff5553bea759689e10224709c7\",\"name\":\"dgtpcc.md\",\"image\":{\"@type\":\"ImageObject\",\"inLanguage\":\"ro-RO\",\"@id\":\"https:\/\/mobilitatechisinau.md\/#\/schema\/person\/image\/\",\"url\":\"https:\/\/secure.gravatar.com\/avatar\/9057a81ed6aa6c63f6d0d045749b3708fa15d612e3a388d9ac7b50072146c906?s=96&d=mm&r=g\",\"contentUrl\":\"https:\/\/secure.gravatar.com\/avatar\/9057a81ed6aa6c63f6d0d045749b3708fa15d612e3a388d9ac7b50072146c906?s=96&d=mm&r=g\",\"caption\":\"dgtpcc.md\"},\"sameAs\":[\"https:\/\/dgtpcc.md\"],\"url\":\"https:\/\/mobilitatechisinau.md\/?author=1\"}]}<\/script>\n<!-- \/ Yoast SEO plugin. -->","yoast_head_json":{"title":"Lucr\u0103rile din zona Caldar\u00e2m, de pe strada 31 August 1989, continu\u0103 - mobilitatechisinau.md","robots":{"index":"index","follow":"follow","max-snippet":"max-snippet:-1","max-image-preview":"max-image-preview:large","max-video-preview":"max-video-preview:-1"},"canonical":"https:\/\/mobilitatechisinau.md\/?p=18108","og_locale":"ro_RO","og_type":"article","og_title":"Lucr\u0103rile din zona Caldar\u00e2m, de pe strada 31 August 1989, continu\u0103 - mobilitatechisinau.md","og_description":"Lucr\u0103rile de amenajare a spa\u021biului pietonal din zona Caldar\u00e2m, pe strada 31 August 1989, continu\u0103 \u00een aceast\u0103 perioad\u0103, interven\u021biile fiind desf\u0103\u0219urate pe mai multe componente ale proiectului. \u00cen prezent, pe prima parte a proiectului se lucreaz\u0103 la montarea pavajului, amenajarea zonelor verzi \u0219i finalizarea gabioanelor din piatr\u0103 de granit. \u00cen paralel, continu\u0103 lucr\u0103rile la sistemul [&hellip;]","og_url":"https:\/\/mobilitatechisinau.md\/?p=18108","og_site_name":"mobilitatechisinau.md","article_publisher":"https:\/\/www.facebook.com\/DGTPCC","article_published_time":"2026-08-20T12:54:00+00:00","article_modified_time":"2026-08-24T13:03:11+00:00","og_image":[{"width":1200,"height":700,"url":"https:\/\/mobilitatechisinau.md\/wp-content\/uploads\/2026\/08\/caldarim.jpg","type":"image\/jpeg"}],"author":"dgtpcc.md","twitter_card":"summary_large_image","twitter_misc":{"Scris de":"dgtpcc.md","Timp estimat pentru citire":"4 minute"},"schema":{"@context":"https:\/\/schema.org","@graph":[{"@type":"Article","@id":"https:\/\/mobilitatechisinau.md\/?p=18108#article","isPartOf":{"@id":"https:\/\/mobilitatechisinau.md\/?p=18108"},"author":{"name":"dgtpcc.md","@id":"https:\/\/mobilitatechisinau.md\/#\/schema\/person\/c25d28ff5553bea759689e10224709c7"},"headline":"Lucr\u0103rile din zona Caldar\u00e2m, de pe strada 31 August 1989, continu\u0103","datePublished":"2026-08-20T12:54:00+00:00","dateModified":"2026-08-24T13:03:11+00:00","mainEntityOfPage":{"@id":"https:\/\/mobilitatechisinau.md\/?p=18108"},"wordCount":180,"publisher":{"@id":"https:\/\/mobilitatechisinau.md\/#organization"},"image":{"@id":"https:\/\/mobilitatechisinau.md\/?p=18108#primaryimage"},"thumbnailUrl":"https:\/\/mobilitatechisinau.md\/wp-content\/uploads\/2026\/08\/caldarim.jpg","articleSection":["Comunicate de pres\u0103"],"inLanguage":"ro-RO"},{"@type":"WebPage","@id":"https:\/\/mobilitatechisinau.md\/?p=18108","url":"https:\/\/mobilitatechisinau.md\/?p=18108","name":"Lucr\u0103rile din zona Caldar\u00e2m, de pe strada 31 August 1989, continu\u0103 - mobilitatechisinau.md","isPartOf":{"@id":"https:\/\/mobilitatechisinau.md\/#website"},"primaryImageOfPage":{"@id":"https:\/\/mobilitatechisinau.md\/?p=18108#primaryimage"},"image":{"@id":"https:\/\/mobilitatechisinau.md\/?p=18108#primaryimage"},"thumbnailUrl":"https:\/\/mobilitatechisinau.md\/wp-content\/uploads\/2026\/08\/caldarim.jpg","datePublished":"2026-08-20T12:54:00+00:00","dateModified":"2026-08-24T13:03:11+00:00","breadcrumb":{"@id":"https:\/\/mobilitatechisinau.md\/?p=18108#breadcrumb"},"inLanguage":"ro-RO","potentialAction":[{"@type":"ReadAction","target":["https:\/\/mobilitatechisinau.md\/?p=18108"]}]},{"@type":"ImageObject","inLanguage":"ro-RO","@id":"https:\/\/mobilitatechisinau.md\/?p=18108#primaryimage","url":"https:\/\/mobilitatechisinau.md\/wp-content\/uploads\/2026\/08\/caldarim.jpg","contentUrl":"https:\/\/mobilitatechisinau.md\/wp-content\/uploads\/2026\/08\/caldarim.jpg","width":1200,"height":700},{"@type":"BreadcrumbList","@id":"https:\/\/mobilitatechisinau.md\/?p=18108#breadcrumb","itemListElement":[{"@type":"ListItem","position":1,"name":"Prima pagin\u0103","item":"https:\/\/mobilitatechisinau.md\/"},{"@type":"ListItem","position":2,"name":"Lucr\u0103rile din zona Caldar\u00e2m, de pe strada 31 August 1989, continu\u0103"}]},{"@type":"WebSite","@id":"https:\/\/mobilitatechisinau.md\/#website","url":"https:\/\/mobilitatechisinau.md\/","name":"mobilitatechisinau.md","description":"Direc\u0163ia General\u0103 Mobilitate Urban\u0103","publisher":{"@id":"https:\/\/mobilitatechisinau.md\/#organization"},"potentialAction":[{"@type":"SearchAction","target":{"@type":"EntryPoint","urlTemplate":"https:\/\/mobilitatechisinau.md\/?s={search_term_string}"},"query-input":{"@type":"PropertyValueSpecification","valueRequired":true,"valueName":"search_term_string"}}],"inLanguage":"ro-RO"},{"@type":"Organization","@id":"https:\/\/mobilitatechisinau.md\/#organization","name":"Direc\u0163ia general\u0103 transport public \u015fi c\u0103i de comunica\u0163ie","url":"https:\/\/mobilitatechisinau.md\/","logo":{"@type":"ImageObject","inLanguage":"ro-RO","@id":"https:\/\/mobilitatechisinau.md\/#\/schema\/logo\/image\/","url":"https:\/\/dgtpcc.md\/wp-content\/uploads\/2022\/05\/DGTPCC-Chis\u0326ina\u0306u-new.jpg","contentUrl":"https:\/\/dgtpcc.md\/wp-content\/uploads\/2022\/05\/DGTPCC-Chis\u0326ina\u0306u-new.jpg","width":304,"height":80,"caption":"Direc\u0163ia general\u0103 transport public \u015fi c\u0103i de comunica\u0163ie"},"image":{"@id":"https:\/\/mobilitatechisinau.md\/#\/schema\/logo\/image\/"},"sameAs":["https:\/\/www.facebook.com\/DGTPCC"]},{"@type":"Person","@id":"https:\/\/mobilitatechisinau.md\/#\/schema\/person\/c25d28ff5553bea759689e10224709c7","name":"dgtpcc.md","image":{"@type":"ImageObject","inLanguage":"ro-RO","@id":"https:\/\/mobilitatechisinau.md\/#\/schema\/person\/image\/","url":"https:\/\/secure.gravatar.com\/avatar\/9057a81ed6aa6c63f6d0d045749b3708fa15d612e3a388d9ac7b50072146c906?s=96&d=mm&r=g","contentUrl":"https:\/\/secure.gravatar.com\/avatar\/9057a81ed6aa6c63f6d0d045749b3708fa15d612e3a388d9ac7b50072146c906?s=96&d=mm&r=g","caption":"dgtpcc.md"},"sameAs":["https:\/\/dgtpcc.md"],"url":"https:\/\/mobilitatechisinau.md\/?author=1"}]}},"_links":{"self":[{"href":"https:\/\/mobilitatechisinau.md\/index.php?rest_route=\/wp\/v2\/posts\/18108","targetHints":{"allow":["GET"]}}],"collection":[{"href":"https:\/\/mobilitatechisinau.md\/index.php?rest_route=\/wp\/v2\/posts"}],"about":[{"href":"https:\/\/mobilitatechisinau.md\/index.php?rest_route=\/wp\/v2\/types\/post"}],"author":[{"embeddable":true,"href":"https:\/\/mobilitatechisinau.md\/index.php?rest_route=\/wp\/v2\/users\/1"}],"replies":[{"embeddable":true,"href":"https:\/\/mobilitatechisinau.md\/index.php?rest_route=%2Fwp%2Fv2%2Fcomments&post=18108"}],"version-history":[{"count":1,"href":"https:\/\/mobilitatechisinau.md\/index.php?rest_route=\/wp\/v2\/posts\/18108\/revisions"}],"predecessor-version":[{"id":18123,"href":"https:\/\/mobilitatechisinau.md\/index.php?rest_route=\/wp\/v2\/posts\/18108\/revisions\/18123"}],"wp:featuredmedia":[{"embeddable":true,"href":"https:\/\/mobilitatechisinau.md\/index.php?rest_route=\/wp\/v2\/media\/18114"}],"wp:attachment":[{"href":"https:\/\/mobilitatechisinau.md\/index.php?rest_route=%2Fwp%2Fv2%2Fmedia&parent=18108"}],"wp:term":[{"taxonomy":"category","embeddable":true,"href":"https:\/\/mobilitatechisinau.md\/index.php?rest_route=%2Fwp%2Fv2%2Fcategories&post=18108"},{"taxonomy":"post_tag","embeddable":true,"href":"https:\/\/mobilitatechisinau.md\/index.php?rest_route=%2Fwp%2Fv2%2Ftags&post=18108"}],"curies":[{"name":"wp","href":"https:\/\/api.w.org\/{rel}","templated":true}]}}