{"id":18124,"date":"2026-08-20T15:06:44","date_gmt":"2026-08-20T13:06:44","guid":{"rendered":"https:\/\/mobilitatechisinau.md\/?p=18124"},"modified":"2026-08-24T15:41:17","modified_gmt":"2026-08-24T13:41:17","slug":"chisinaul-isi-consolideaza-directia-spre-o-mobilitate-urbana-moderna-si-durabila-prin-proiectul-move-it-like-lublin","status":"publish","type":"post","link":"https:\/\/mobilitatechisinau.md\/?p=18124","title":{"rendered":"Chi\u0219in\u0103ul \u00ee\u0219i consolideaz\u0103 direc\u021bia spre o mobilitate urban\u0103 modern\u0103 \u0219i durabil\u0103 prin proiectul \u201eMOVE IT like Lublin\u201d"},"content":{"rendered":"\n<p class=\"wp-block-paragraph\">\u00cen municipiul Chi\u0219in\u0103u a fost implementat proiectul \u201eMOVE IT like Lublin\u201d \u2013 o ini\u021biativ\u0103 dedicat\u0103 dezvolt\u0103rii durabile a transportului public \u0219i moderniz\u0103rii mobilit\u0103\u021bii urbane din capital\u0103. Proiectul a fost finan\u021bat de Uniunea European\u0103 \u0219i realizat de Prim\u0103ria Municipiului Chi\u0219in\u0103u, \u00een parteneriat cu Prim\u0103ria ora\u0219ului Lublin, Polonia.<\/p>\n\n\n\n<p class=\"wp-block-paragraph\">Desf\u0103\u0219urat pe parcursul a aproape cinci ani, proiectul a urm\u0103rit sus\u021binerea dezvolt\u0103rii unui sistem de transport public mai incluziv, sigur, rezilient \u0219i durabil, prin consolidarea capacit\u0103\u021bii institu\u021bionale, elaborarea documentelor strategice \u0219i preluarea bunelor practici europene.<\/p>\n\n\n\n<p class=\"wp-block-paragraph\">Unul dintre rezultatele importante ale proiectului a fost reorganizarea Direc\u021biei generale transport public \u0219i c\u0103i de comunica\u021bie, care a devenit Direc\u021bia general\u0103 mobilitate urban\u0103. Schimbarea a contribuit la consolidarea unei abord\u0103ri integrate a mobilit\u0103\u021bii \u0219i la extinderea perspectivei asupra modului \u00een care sunt planificate \u0219i gestionate transportul \u0219i infrastructura urban\u0103.<\/p>\n\n\n\n<p class=\"wp-block-paragraph\">\u00cen cadrul proiectului a fost elaborat Planul de Mobilitate Urban\u0103 Durabil\u0103 al municipiului Chi\u0219in\u0103u, document strategic care stabile\u0219te direc\u021biile de dezvoltare a mobilit\u0103\u021bii urbane \u0219i a transportului pentru urm\u0103torii ani. Totodat\u0103, a fost creat Centrul de monitorizare a traficului, destinat unei gestion\u0103ri mai eficiente a circula\u021biei \u0219i mobilit\u0103\u021bii urbane.<\/p>\n\n\n\n<p class=\"wp-block-paragraph\">Proiectul a contribuit \u0219i la fundamentarea unor solu\u021bii pentru digitalizarea transportului public. A fost elaborat Studiul privind biletul electronic \u00een transportul municipal, care a analizat op\u021biunile \u0219i solu\u021biile adaptate necesit\u0103\u021bilor municipiului, iar ulterior sistemul de e-ticketing a fost testat pe ruta de autobuz nr. 30.<\/p>\n\n\n\n<p class=\"wp-block-paragraph\">\u00cen domeniul siguran\u021bei \u0219i confortului pasagerilor, un num\u0103r semnificativ de autobuze \u0219i troleibuze au fost dotate cu dispozitive bactericide pentru purificarea aerului. \u00cen acela\u0219i timp, managerii institu\u021biilor municipale de transport au beneficiat de schimburi de experien\u021b\u0103 \u0219i vizite de studiu \u00een ora\u0219e europene precum Praga, Brno, Amsterdam \u0219i Utrecht, unde au fost analizate solu\u021bii aplicate \u00een domeniul transportului public \u0219i al mobilit\u0103\u021bii urbane.<\/p>\n\n\n\n<p class=\"wp-block-paragraph\">Un alt obiectiv al proiectului a fost implicarea cet\u0103\u021benilor \u00een dezvoltarea mobilit\u0103\u021bii urbane. \u00cen acest sens, au fost desf\u0103\u0219urate campanii de informare \u0219i con\u0219tientizare, promovate formele alternative de mobilitate \u0219i organizate concursuri \u0219i ini\u021biative dedicate mobilit\u0103\u021bii urbane.<\/p>\n\n\n\n<p class=\"wp-block-paragraph\">Cooperarea cu partenerii din Lublin a contribuit, de asemenea, la dezvoltarea dialogului \u0219i schimbului de experien\u021b\u0103 \u00eentre administra\u021biile publice, inclusiv prin participarea la Congresul pentru Cooperare Transfrontalier\u0103 \u0219i Forumul Cooper\u0103rii Transfrontaliere \u00een domeniul transportului.<\/p>\n\n\n\n<p class=\"wp-block-paragraph\">Rezultatele proiectului se \u00eenscriu \u00een procesul mai amplu de modernizare a transportului public din Chi\u0219in\u0103u. \u00cen ultimii ani, parcurile municipale de troleibuze \u0219i autobuze au fost modernizate prin achizi\u021bia a 397 de unit\u0103\u021bi noi \u0219i cu parcurs, dintre care 213 troleibuze \u0219i 184 de autobuze. Aceste investi\u021bii au permis \u00eenlocuirea integral\u0103 a vehiculelor cu o vechime mai mare de 10 ani \u0219i au contribuit la crearea unui sistem de transport public mai modern, sigur \u0219i accesibil pentru c\u0103l\u0103tori.<\/p>\n\n\n\n<p class=\"wp-block-paragraph\">Prim\u0103ria Municipiului Chi\u0219in\u0103u continu\u0103 s\u0103 identifice \u0219i s\u0103 implementeze solu\u021bii pentru \u00eembun\u0103t\u0103\u021birea calit\u0103\u021bii serviciilor de transport public \u0219i dezvoltarea re\u021belei de rute, at\u00e2t \u00een ora\u0219, c\u00e2t \u0219i \u00een zonele suburbane.<\/p>\n\n\n\n<p class=\"wp-block-paragraph\">Implementarea proiectului \u201eMOVE IT like Lublin\u201d reprezint\u0103 astfel o etap\u0103 important\u0103 \u00een dezvoltarea unei abord\u0103ri moderne a mobilit\u0103\u021bii urbane \u00een Chi\u0219in\u0103u \u0219i \u00een consolidarea cooper\u0103rii cu ora\u0219ele europene \u00een domeniul transportului \u0219i dezvolt\u0103rii urbane.<\/p>\n\n\n\n<figure class=\"wp-block-image size-full\"><img fetchpriority=\"high\" decoding=\"async\" width=\"700\" height=\"700\" src=\"https:\/\/mobilitatechisinau.md\/wp-content\/uploads\/2026\/08\/1-11.jpg\" alt=\"\" class=\"wp-image-18125\" srcset=\"https:\/\/mobilitatechisinau.md\/wp-content\/uploads\/2026\/08\/1-11.jpg 700w, https:\/\/mobilitatechisinau.md\/wp-content\/uploads\/2026\/08\/1-11-150x150.jpg 150w, https:\/\/mobilitatechisinau.md\/wp-content\/uploads\/2026\/08\/1-11-300x300.jpg 300w, https:\/\/mobilitatechisinau.md\/wp-content\/uploads\/2026\/08\/1-11-12x12.jpg 12w\" sizes=\"(max-width: 700px) 100vw, 700px\" \/><\/figure>\n\n\n\n<figure class=\"wp-block-image size-full\"><img decoding=\"async\" width=\"700\" height=\"700\" src=\"https:\/\/mobilitatechisinau.md\/wp-content\/uploads\/2026\/08\/2-11.jpg\" alt=\"\" class=\"wp-image-18126\" srcset=\"https:\/\/mobilitatechisinau.md\/wp-content\/uploads\/2026\/08\/2-11.jpg 700w, https:\/\/mobilitatechisinau.md\/wp-content\/uploads\/2026\/08\/2-11-12x12.jpg 12w, https:\/\/mobilitatechisinau.md\/wp-content\/uploads\/2026\/08\/2-11-300x300.jpg 300w, https:\/\/mobilitatechisinau.md\/wp-content\/uploads\/2026\/08\/2-11-150x150.jpg 150w\" sizes=\"(max-width: 700px) 100vw, 700px\" \/><\/figure>\n\n\n\n<figure class=\"wp-block-image size-full\"><img decoding=\"async\" width=\"700\" height=\"700\" src=\"https:\/\/mobilitatechisinau.md\/wp-content\/uploads\/2026\/08\/3-13.jpg\" alt=\"\" class=\"wp-image-18127\" srcset=\"https:\/\/mobilitatechisinau.md\/wp-content\/uploads\/2026\/08\/3-13.jpg 700w, https:\/\/mobilitatechisinau.md\/wp-content\/uploads\/2026\/08\/3-13-12x12.jpg 12w, https:\/\/mobilitatechisinau.md\/wp-content\/uploads\/2026\/08\/3-13-300x300.jpg 300w, https:\/\/mobilitatechisinau.md\/wp-content\/uploads\/2026\/08\/3-13-150x150.jpg 150w\" sizes=\"(max-width: 700px) 100vw, 700px\" \/><\/figure>\n\n\n\n<figure class=\"wp-block-image size-full\"><img loading=\"lazy\" decoding=\"async\" width=\"700\" height=\"700\" src=\"https:\/\/mobilitatechisinau.md\/wp-content\/uploads\/2026\/08\/4-13.jpg\" alt=\"\" class=\"wp-image-18128\" srcset=\"https:\/\/mobilitatechisinau.md\/wp-content\/uploads\/2026\/08\/4-13.jpg 700w, https:\/\/mobilitatechisinau.md\/wp-content\/uploads\/2026\/08\/4-13-12x12.jpg 12w, https:\/\/mobilitatechisinau.md\/wp-content\/uploads\/2026\/08\/4-13-150x150.jpg 150w, https:\/\/mobilitatechisinau.md\/wp-content\/uploads\/2026\/08\/4-13-300x300.jpg 300w\" sizes=\"(max-width: 700px) 100vw, 700px\" \/><\/figure>\n","protected":false},"excerpt":{"rendered":"<p>\u00cen municipiul Chi\u0219in\u0103u a fost implementat proiectul \u201eMOVE IT like Lublin\u201d \u2013 o ini\u021biativ\u0103 dedicat\u0103 dezvolt\u0103rii durabile a transportului public \u0219i moderniz\u0103rii mobilit\u0103\u021bii urbane din capital\u0103. Proiectul a fost finan\u021bat de Uniunea European\u0103 \u0219i realizat de Prim\u0103ria Municipiului Chi\u0219in\u0103u, \u00een parteneriat cu Prim\u0103ria ora\u0219ului Lublin, Polonia. Desf\u0103\u0219urat pe parcursul a aproape cinci ani, proiectul a [&hellip;]<\/p>\n","protected":false},"author":1,"featured_media":18130,"comment_status":"closed","ping_status":"open","sticky":false,"template":"","format":"standard","meta":{"footnotes":""},"categories":[92],"tags":[],"class_list":["post-18124","post","type-post","status-publish","format-standard","has-post-thumbnail","hentry","category-comunicate"],"yoast_head":"<!-- This site is optimized with the Yoast SEO plugin v23.9 - https:\/\/yoast.com\/wordpress\/plugins\/seo\/ -->\n<title>Chi\u0219in\u0103ul \u00ee\u0219i consolideaz\u0103 direc\u021bia spre o mobilitate urban\u0103 modern\u0103 \u0219i durabil\u0103 prin proiectul \u201eMOVE IT like Lublin\u201d - mobilitatechisinau.md<\/title>\n<meta name=\"robots\" content=\"index, follow, max-snippet:-1, max-image-preview:large, max-video-preview:-1\" \/>\n<link rel=\"canonical\" href=\"https:\/\/mobilitatechisinau.md\/?p=18124\" \/>\n<meta property=\"og:locale\" content=\"ro_RO\" \/>\n<meta property=\"og:type\" content=\"article\" \/>\n<meta property=\"og:title\" content=\"Chi\u0219in\u0103ul \u00ee\u0219i consolideaz\u0103 direc\u021bia spre o mobilitate urban\u0103 modern\u0103 \u0219i durabil\u0103 prin proiectul \u201eMOVE IT like Lublin\u201d - mobilitatechisinau.md\" \/>\n<meta property=\"og:description\" content=\"\u00cen municipiul Chi\u0219in\u0103u a fost implementat proiectul \u201eMOVE IT like Lublin\u201d \u2013 o ini\u021biativ\u0103 dedicat\u0103 dezvolt\u0103rii durabile a transportului public \u0219i moderniz\u0103rii mobilit\u0103\u021bii urbane din capital\u0103. Proiectul a fost finan\u021bat de Uniunea European\u0103 \u0219i realizat de Prim\u0103ria Municipiului Chi\u0219in\u0103u, \u00een parteneriat cu Prim\u0103ria ora\u0219ului Lublin, Polonia. Desf\u0103\u0219urat pe parcursul a aproape cinci ani, proiectul a [&hellip;]\" \/>\n<meta property=\"og:url\" content=\"https:\/\/mobilitatechisinau.md\/?p=18124\" \/>\n<meta property=\"og:site_name\" content=\"mobilitatechisinau.md\" \/>\n<meta property=\"article:publisher\" content=\"https:\/\/www.facebook.com\/DGTPCC\" \/>\n<meta property=\"article:published_time\" content=\"2026-08-20T13:06:44+00:00\" \/>\n<meta property=\"article:modified_time\" content=\"2026-08-24T13:41:17+00:00\" \/>\n<meta property=\"og:image\" content=\"https:\/\/mobilitatechisinau.md\/wp-content\/uploads\/2026\/08\/1-11.jpg\" \/>\n\t<meta property=\"og:image:width\" content=\"700\" \/>\n\t<meta property=\"og:image:height\" content=\"700\" \/>\n\t<meta property=\"og:image:type\" content=\"image\/jpeg\" \/>\n<meta name=\"author\" content=\"dgtpcc.md\" \/>\n<meta name=\"twitter:card\" content=\"summary_large_image\" \/>\n<meta name=\"twitter:label1\" content=\"Scris de\" \/>\n\t<meta name=\"twitter:data1\" content=\"dgtpcc.md\" \/>\n\t<meta name=\"twitter:label2\" content=\"Timp estimat pentru citire\" \/>\n\t<meta name=\"twitter:data2\" content=\"4 minute\" \/>\n<script type=\"application\/ld+json\" class=\"yoast-schema-graph\">{\"@context\":\"https:\/\/schema.org\",\"@graph\":[{\"@type\":\"Article\",\"@id\":\"https:\/\/mobilitatechisinau.md\/?p=18124#article\",\"isPartOf\":{\"@id\":\"https:\/\/mobilitatechisinau.md\/?p=18124\"},\"author\":{\"name\":\"dgtpcc.md\",\"@id\":\"https:\/\/mobilitatechisinau.md\/#\/schema\/person\/c25d28ff5553bea759689e10224709c7\"},\"headline\":\"Chi\u0219in\u0103ul \u00ee\u0219i consolideaz\u0103 direc\u021bia spre o mobilitate urban\u0103 modern\u0103 \u0219i durabil\u0103 prin proiectul \u201eMOVE IT like Lublin\u201d\",\"datePublished\":\"2026-08-20T13:06:44+00:00\",\"dateModified\":\"2026-08-24T13:41:17+00:00\",\"mainEntityOfPage\":{\"@id\":\"https:\/\/mobilitatechisinau.md\/?p=18124\"},\"wordCount\":591,\"publisher\":{\"@id\":\"https:\/\/mobilitatechisinau.md\/#organization\"},\"image\":{\"@id\":\"https:\/\/mobilitatechisinau.md\/?p=18124#primaryimage\"},\"thumbnailUrl\":\"https:\/\/mobilitatechisinau.md\/wp-content\/uploads\/2026\/08\/move-it.jpg\",\"articleSection\":[\"Comunicate de pres\u0103\"],\"inLanguage\":\"ro-RO\"},{\"@type\":\"WebPage\",\"@id\":\"https:\/\/mobilitatechisinau.md\/?p=18124\",\"url\":\"https:\/\/mobilitatechisinau.md\/?p=18124\",\"name\":\"Chi\u0219in\u0103ul \u00ee\u0219i consolideaz\u0103 direc\u021bia spre o mobilitate urban\u0103 modern\u0103 \u0219i durabil\u0103 prin proiectul \u201eMOVE IT like Lublin\u201d - mobilitatechisinau.md\",\"isPartOf\":{\"@id\":\"https:\/\/mobilitatechisinau.md\/#website\"},\"primaryImageOfPage\":{\"@id\":\"https:\/\/mobilitatechisinau.md\/?p=18124#primaryimage\"},\"image\":{\"@id\":\"https:\/\/mobilitatechisinau.md\/?p=18124#primaryimage\"},\"thumbnailUrl\":\"https:\/\/mobilitatechisinau.md\/wp-content\/uploads\/2026\/08\/move-it.jpg\",\"datePublished\":\"2026-08-20T13:06:44+00:00\",\"dateModified\":\"2026-08-24T13:41:17+00:00\",\"breadcrumb\":{\"@id\":\"https:\/\/mobilitatechisinau.md\/?p=18124#breadcrumb\"},\"inLanguage\":\"ro-RO\",\"potentialAction\":[{\"@type\":\"ReadAction\",\"target\":[\"https:\/\/mobilitatechisinau.md\/?p=18124\"]}]},{\"@type\":\"ImageObject\",\"inLanguage\":\"ro-RO\",\"@id\":\"https:\/\/mobilitatechisinau.md\/?p=18124#primaryimage\",\"url\":\"https:\/\/mobilitatechisinau.md\/wp-content\/uploads\/2026\/08\/move-it.jpg\",\"contentUrl\":\"https:\/\/mobilitatechisinau.md\/wp-content\/uploads\/2026\/08\/move-it.jpg\",\"width\":1200,\"height\":700},{\"@type\":\"BreadcrumbList\",\"@id\":\"https:\/\/mobilitatechisinau.md\/?p=18124#breadcrumb\",\"itemListElement\":[{\"@type\":\"ListItem\",\"position\":1,\"name\":\"Prima pagin\u0103\",\"item\":\"https:\/\/mobilitatechisinau.md\/\"},{\"@type\":\"ListItem\",\"position\":2,\"name\":\"Chi\u0219in\u0103ul \u00ee\u0219i consolideaz\u0103 direc\u021bia spre o mobilitate urban\u0103 modern\u0103 \u0219i durabil\u0103 prin proiectul \u201eMOVE IT like Lublin\u201d\"}]},{\"@type\":\"WebSite\",\"@id\":\"https:\/\/mobilitatechisinau.md\/#website\",\"url\":\"https:\/\/mobilitatechisinau.md\/\",\"name\":\"mobilitatechisinau.md\",\"description\":\"Direc\u0163ia General\u0103 Mobilitate Urban\u0103\",\"publisher\":{\"@id\":\"https:\/\/mobilitatechisinau.md\/#organization\"},\"potentialAction\":[{\"@type\":\"SearchAction\",\"target\":{\"@type\":\"EntryPoint\",\"urlTemplate\":\"https:\/\/mobilitatechisinau.md\/?s={search_term_string}\"},\"query-input\":{\"@type\":\"PropertyValueSpecification\",\"valueRequired\":true,\"valueName\":\"search_term_string\"}}],\"inLanguage\":\"ro-RO\"},{\"@type\":\"Organization\",\"@id\":\"https:\/\/mobilitatechisinau.md\/#organization\",\"name\":\"Direc\u0163ia general\u0103 transport public \u015fi c\u0103i de comunica\u0163ie\",\"url\":\"https:\/\/mobilitatechisinau.md\/\",\"logo\":{\"@type\":\"ImageObject\",\"inLanguage\":\"ro-RO\",\"@id\":\"https:\/\/mobilitatechisinau.md\/#\/schema\/logo\/image\/\",\"url\":\"https:\/\/dgtpcc.md\/wp-content\/uploads\/2022\/05\/DGTPCC-Chis\u0326ina\u0306u-new.jpg\",\"contentUrl\":\"https:\/\/dgtpcc.md\/wp-content\/uploads\/2022\/05\/DGTPCC-Chis\u0326ina\u0306u-new.jpg\",\"width\":304,\"height\":80,\"caption\":\"Direc\u0163ia general\u0103 transport public \u015fi c\u0103i de comunica\u0163ie\"},\"image\":{\"@id\":\"https:\/\/mobilitatechisinau.md\/#\/schema\/logo\/image\/\"},\"sameAs\":[\"https:\/\/www.facebook.com\/DGTPCC\"]},{\"@type\":\"Person\",\"@id\":\"https:\/\/mobilitatechisinau.md\/#\/schema\/person\/c25d28ff5553bea759689e10224709c7\",\"name\":\"dgtpcc.md\",\"image\":{\"@type\":\"ImageObject\",\"inLanguage\":\"ro-RO\",\"@id\":\"https:\/\/mobilitatechisinau.md\/#\/schema\/person\/image\/\",\"url\":\"https:\/\/secure.gravatar.com\/avatar\/9057a81ed6aa6c63f6d0d045749b3708fa15d612e3a388d9ac7b50072146c906?s=96&d=mm&r=g\",\"contentUrl\":\"https:\/\/secure.gravatar.com\/avatar\/9057a81ed6aa6c63f6d0d045749b3708fa15d612e3a388d9ac7b50072146c906?s=96&d=mm&r=g\",\"caption\":\"dgtpcc.md\"},\"sameAs\":[\"https:\/\/dgtpcc.md\"],\"url\":\"https:\/\/mobilitatechisinau.md\/?author=1\"}]}<\/script>\n<!-- \/ Yoast SEO plugin. -->","yoast_head_json":{"title":"Chi\u0219in\u0103ul \u00ee\u0219i consolideaz\u0103 direc\u021bia spre o mobilitate urban\u0103 modern\u0103 \u0219i durabil\u0103 prin proiectul \u201eMOVE IT like Lublin\u201d - mobilitatechisinau.md","robots":{"index":"index","follow":"follow","max-snippet":"max-snippet:-1","max-image-preview":"max-image-preview:large","max-video-preview":"max-video-preview:-1"},"canonical":"https:\/\/mobilitatechisinau.md\/?p=18124","og_locale":"ro_RO","og_type":"article","og_title":"Chi\u0219in\u0103ul \u00ee\u0219i consolideaz\u0103 direc\u021bia spre o mobilitate urban\u0103 modern\u0103 \u0219i durabil\u0103 prin proiectul \u201eMOVE IT like Lublin\u201d - mobilitatechisinau.md","og_description":"\u00cen municipiul Chi\u0219in\u0103u a fost implementat proiectul \u201eMOVE IT like Lublin\u201d \u2013 o ini\u021biativ\u0103 dedicat\u0103 dezvolt\u0103rii durabile a transportului public \u0219i moderniz\u0103rii mobilit\u0103\u021bii urbane din capital\u0103. Proiectul a fost finan\u021bat de Uniunea European\u0103 \u0219i realizat de Prim\u0103ria Municipiului Chi\u0219in\u0103u, \u00een parteneriat cu Prim\u0103ria ora\u0219ului Lublin, Polonia. Desf\u0103\u0219urat pe parcursul a aproape cinci ani, proiectul a [&hellip;]","og_url":"https:\/\/mobilitatechisinau.md\/?p=18124","og_site_name":"mobilitatechisinau.md","article_publisher":"https:\/\/www.facebook.com\/DGTPCC","article_published_time":"2026-08-20T13:06:44+00:00","article_modified_time":"2026-08-24T13:41:17+00:00","og_image":[{"width":700,"height":700,"url":"https:\/\/mobilitatechisinau.md\/wp-content\/uploads\/2026\/08\/1-11.jpg","type":"image\/jpeg"}],"author":"dgtpcc.md","twitter_card":"summary_large_image","twitter_misc":{"Scris de":"dgtpcc.md","Timp estimat pentru citire":"4 minute"},"schema":{"@context":"https:\/\/schema.org","@graph":[{"@type":"Article","@id":"https:\/\/mobilitatechisinau.md\/?p=18124#article","isPartOf":{"@id":"https:\/\/mobilitatechisinau.md\/?p=18124"},"author":{"name":"dgtpcc.md","@id":"https:\/\/mobilitatechisinau.md\/#\/schema\/person\/c25d28ff5553bea759689e10224709c7"},"headline":"Chi\u0219in\u0103ul \u00ee\u0219i consolideaz\u0103 direc\u021bia spre o mobilitate urban\u0103 modern\u0103 \u0219i durabil\u0103 prin proiectul \u201eMOVE IT like Lublin\u201d","datePublished":"2026-08-20T13:06:44+00:00","dateModified":"2026-08-24T13:41:17+00:00","mainEntityOfPage":{"@id":"https:\/\/mobilitatechisinau.md\/?p=18124"},"wordCount":591,"publisher":{"@id":"https:\/\/mobilitatechisinau.md\/#organization"},"image":{"@id":"https:\/\/mobilitatechisinau.md\/?p=18124#primaryimage"},"thumbnailUrl":"https:\/\/mobilitatechisinau.md\/wp-content\/uploads\/2026\/08\/move-it.jpg","articleSection":["Comunicate de pres\u0103"],"inLanguage":"ro-RO"},{"@type":"WebPage","@id":"https:\/\/mobilitatechisinau.md\/?p=18124","url":"https:\/\/mobilitatechisinau.md\/?p=18124","name":"Chi\u0219in\u0103ul \u00ee\u0219i consolideaz\u0103 direc\u021bia spre o mobilitate urban\u0103 modern\u0103 \u0219i durabil\u0103 prin proiectul \u201eMOVE IT like Lublin\u201d - mobilitatechisinau.md","isPartOf":{"@id":"https:\/\/mobilitatechisinau.md\/#website"},"primaryImageOfPage":{"@id":"https:\/\/mobilitatechisinau.md\/?p=18124#primaryimage"},"image":{"@id":"https:\/\/mobilitatechisinau.md\/?p=18124#primaryimage"},"thumbnailUrl":"https:\/\/mobilitatechisinau.md\/wp-content\/uploads\/2026\/08\/move-it.jpg","datePublished":"2026-08-20T13:06:44+00:00","dateModified":"2026-08-24T13:41:17+00:00","breadcrumb":{"@id":"https:\/\/mobilitatechisinau.md\/?p=18124#breadcrumb"},"inLanguage":"ro-RO","potentialAction":[{"@type":"ReadAction","target":["https:\/\/mobilitatechisinau.md\/?p=18124"]}]},{"@type":"ImageObject","inLanguage":"ro-RO","@id":"https:\/\/mobilitatechisinau.md\/?p=18124#primaryimage","url":"https:\/\/mobilitatechisinau.md\/wp-content\/uploads\/2026\/08\/move-it.jpg","contentUrl":"https:\/\/mobilitatechisinau.md\/wp-content\/uploads\/2026\/08\/move-it.jpg","width":1200,"height":700},{"@type":"BreadcrumbList","@id":"https:\/\/mobilitatechisinau.md\/?p=18124#breadcrumb","itemListElement":[{"@type":"ListItem","position":1,"name":"Prima pagin\u0103","item":"https:\/\/mobilitatechisinau.md\/"},{"@type":"ListItem","position":2,"name":"Chi\u0219in\u0103ul \u00ee\u0219i consolideaz\u0103 direc\u021bia spre o mobilitate urban\u0103 modern\u0103 \u0219i durabil\u0103 prin proiectul \u201eMOVE IT like Lublin\u201d"}]},{"@type":"WebSite","@id":"https:\/\/mobilitatechisinau.md\/#website","url":"https:\/\/mobilitatechisinau.md\/","name":"mobilitatechisinau.md","description":"Direc\u0163ia General\u0103 Mobilitate Urban\u0103","publisher":{"@id":"https:\/\/mobilitatechisinau.md\/#organization"},"potentialAction":[{"@type":"SearchAction","target":{"@type":"EntryPoint","urlTemplate":"https:\/\/mobilitatechisinau.md\/?s={search_term_string}"},"query-input":{"@type":"PropertyValueSpecification","valueRequired":true,"valueName":"search_term_string"}}],"inLanguage":"ro-RO"},{"@type":"Organization","@id":"https:\/\/mobilitatechisinau.md\/#organization","name":"Direc\u0163ia general\u0103 transport public \u015fi c\u0103i de comunica\u0163ie","url":"https:\/\/mobilitatechisinau.md\/","logo":{"@type":"ImageObject","inLanguage":"ro-RO","@id":"https:\/\/mobilitatechisinau.md\/#\/schema\/logo\/image\/","url":"https:\/\/dgtpcc.md\/wp-content\/uploads\/2022\/05\/DGTPCC-Chis\u0326ina\u0306u-new.jpg","contentUrl":"https:\/\/dgtpcc.md\/wp-content\/uploads\/2022\/05\/DGTPCC-Chis\u0326ina\u0306u-new.jpg","width":304,"height":80,"caption":"Direc\u0163ia general\u0103 transport public \u015fi c\u0103i de comunica\u0163ie"},"image":{"@id":"https:\/\/mobilitatechisinau.md\/#\/schema\/logo\/image\/"},"sameAs":["https:\/\/www.facebook.com\/DGTPCC"]},{"@type":"Person","@id":"https:\/\/mobilitatechisinau.md\/#\/schema\/person\/c25d28ff5553bea759689e10224709c7","name":"dgtpcc.md","image":{"@type":"ImageObject","inLanguage":"ro-RO","@id":"https:\/\/mobilitatechisinau.md\/#\/schema\/person\/image\/","url":"https:\/\/secure.gravatar.com\/avatar\/9057a81ed6aa6c63f6d0d045749b3708fa15d612e3a388d9ac7b50072146c906?s=96&d=mm&r=g","contentUrl":"https:\/\/secure.gravatar.com\/avatar\/9057a81ed6aa6c63f6d0d045749b3708fa15d612e3a388d9ac7b50072146c906?s=96&d=mm&r=g","caption":"dgtpcc.md"},"sameAs":["https:\/\/dgtpcc.md"],"url":"https:\/\/mobilitatechisinau.md\/?author=1"}]}},"_links":{"self":[{"href":"https:\/\/mobilitatechisinau.md\/index.php?rest_route=\/wp\/v2\/posts\/18124","targetHints":{"allow":["GET"]}}],"collection":[{"href":"https:\/\/mobilitatechisinau.md\/index.php?rest_route=\/wp\/v2\/posts"}],"about":[{"href":"https:\/\/mobilitatechisinau.md\/index.php?rest_route=\/wp\/v2\/types\/post"}],"author":[{"embeddable":true,"href":"https:\/\/mobilitatechisinau.md\/index.php?rest_route=\/wp\/v2\/users\/1"}],"replies":[{"embeddable":true,"href":"https:\/\/mobilitatechisinau.md\/index.php?rest_route=%2Fwp%2Fv2%2Fcomments&post=18124"}],"version-history":[{"count":1,"href":"https:\/\/mobilitatechisinau.md\/index.php?rest_route=\/wp\/v2\/posts\/18124\/revisions"}],"predecessor-version":[{"id":18129,"href":"https:\/\/mobilitatechisinau.md\/index.php?rest_route=\/wp\/v2\/posts\/18124\/revisions\/18129"}],"wp:featuredmedia":[{"embeddable":true,"href":"https:\/\/mobilitatechisinau.md\/index.php?rest_route=\/wp\/v2\/media\/18130"}],"wp:attachment":[{"href":"https:\/\/mobilitatechisinau.md\/index.php?rest_route=%2Fwp%2Fv2%2Fmedia&parent=18124"}],"wp:term":[{"taxonomy":"category","embeddable":true,"href":"https:\/\/mobilitatechisinau.md\/index.php?rest_route=%2Fwp%2Fv2%2Fcategories&post=18124"},{"taxonomy":"post_tag","embeddable":true,"href":"https:\/\/mobilitatechisinau.md\/index.php?rest_route=%2Fwp%2Fv2%2Ftags&post=18124"}],"curies":[{"name":"wp","href":"https:\/\/api.w.org\/{rel}","templated":true}]}}